{"id":8423,"date":"2025-02-01T00:00:49","date_gmt":"2025-01-31T23:00:49","guid":{"rendered":"https:\/\/soib.es\/resolucions-dinadmissio-i-de-concessio-convocatoria-soib-jove-beques-dexit-2018-2019\/"},"modified":"2026-02-10T10:32:38","modified_gmt":"2026-02-10T09:32:38","slug":"convocatoria-soib-jove-beques-dexit","status":"publish","type":"post","link":"https:\/\/soib.es\/es\/convocatoria-soib-jove-beques-dexit\/","title":{"rendered":"SOIB Jove Becas de \u00c9xito para j\u00f3venes de 18 a 29 a\u00f1os en desempleo &#8211; Convocatoria 2022-2025, cofinanciada por el Fondo Social Europeo Plus, Programa Illes Balears para el periodo 2021-2027"},"content":{"rendered":"<p>[et_pb_section fb_built=\u00bb1&#8243; _builder_version=\u00bb4.16&#8243; global_colors_info=\u00bb{}\u00bb][et_pb_row _builder_version=\u00bb4.16&#8243; background_size=\u00bbinitial\u00bb background_position=\u00bbtop_left\u00bb background_repeat=\u00bbrepeat\u00bb locked=\u00bboff\u00bb global_colors_info=\u00bb{}\u00bb][et_pb_column type=\u00bb4_4&#8243; _builder_version=\u00bb4.16&#8243; custom_padding=\u00bb|||\u00bb global_colors_info=\u00bb{}\u00bb custom_padding__hover=\u00bb|||\u00bb][et_pb_button button_url=\u00bbhttps:\/\/docs.google.com\/forms\/d\/e\/1FAIpQLScy7iQk6mEqoMX9-M2UeGMotUCOCRzTuHxdvmBYKAKRBgkTOQ\/viewform\u00bb url_new_window=\u00bbon\u00bb button_text=\u00bb\u00bfTienes dudas? Consulta el Punto de Orientaci\u00f3n Acad\u00e9mica y Profesional (POAP)\u00bb _builder_version=\u00bb4.23.1&#8243; _module_preset=\u00bbdefault\u00bb custom_button=\u00bbon\u00bb button_text_size=\u00bb16px\u00bb button_text_color=\u00bb#cb023e\u00bb button_bg_color=\u00bb#FFFFFF\u00bb button_border_width=\u00bb1px\u00bb button_border_color=\u00bb#cb023e\u00bb button_icon=\u00bb&#xe07e;||divi||400&#8243; button_icon_placement=\u00bbleft\u00bb button_on_hover=\u00bboff\u00bb locked=\u00bboff\u00bb global_colors_info=\u00bb{}\u00bb disabled_on=\u00bbon|on|on\u00bb disabled=\u00bbon\u00bb][\/et_pb_button][et_pb_countdown_timer title=\u00bbRecuerda: presentaci\u00f3n de solicitudes de becas 2\u00ba cuatrimestre ESPA del 1 de febrero hasta el 31 de mayo de 2025&#8243; date_time=\u00bb2025-06-01 00:00&#8243; disabled_on=\u00bbon|on|on\u00bb _builder_version=\u00bb4.27.4&#8243; _module_preset=\u00bbdefault\u00bb header_level=\u00bbh3&#8243; header_font=\u00bb|600|||||||\u00bb header_text_color=\u00bb#474747&#8243; header_font_size=\u00bb18px\u00bb numbers_font=\u00bb|600|||||||\u00bb numbers_text_color=\u00bb#cb023e\u00bb numbers_font_size=\u00bb18px\u00bb numbers_line_height=\u00bb20px\u00bb separator_font_size=\u00bb0px\u00bb separator_letter_spacing=\u00bb10px\u00bb separator_line_height=\u00bb0px\u00bb label_text_color=\u00bb#6B6B6B\u00bb module_alignment=\u00bbleft\u00bb link_option_url_new_window=\u00bbon\u00bb use_custom_labels=\u00bbon\u00bb label_days_full=\u00bbd\u00edas\u00bb label_days_short=\u00bbd\u00edas\u00bb label_hours_full=\u00bbhoras\u00bb label_hours_short=\u00bbh\u00bb label_mins_full=\u00bbminutos\u00bb label_mins_short=\u00bbmin\u00bb label_secs_full=\u00bbsegundos\u00bb label_secs_short=\u00bbs\u00bb disabled=\u00bbon\u00bb locked=\u00bboff\u00bb global_colors_info=\u00bb{}\u00bb][\/et_pb_countdown_timer][\/et_pb_column][\/et_pb_row][et_pb_row column_structure=\u00bb1_2,1_2&#8243; disabled_on=\u00bboff|off|off\u00bb _builder_version=\u00bb4.23.1&#8243; background_size=\u00bbinitial\u00bb background_position=\u00bbtop_left\u00bb background_repeat=\u00bbrepeat\u00bb custom_margin=\u00bb30px||||false|false\u00bb locked=\u00bboff\u00bb global_colors_info=\u00bb{}\u00bb][et_pb_column type=\u00bb1_2&#8243; _builder_version=\u00bb4.16&#8243; custom_padding=\u00bb|||\u00bb global_colors_info=\u00bb{}\u00bb custom_padding__hover=\u00bb|||\u00bb][et_pb_text disabled_on=\u00bboff|off|off\u00bb _builder_version=\u00bb4.23.1&#8243; _module_preset=\u00bbdefault\u00bb custom_padding=\u00bb9px|||||\u00bb global_colors_info=\u00bb{}\u00bb]<\/p>\n<h4><strong>Informaci\u00f3n Beca de \u00c9xito para el curso 2024-2025<\/strong><\/h4>\n<p>[\/et_pb_text][et_pb_blurb title=\u00bbBeca de \u00c9xito para Educaci\u00f3n Secundaria para Personas Adultas \u2013 <strong>ESPA<\/strong> (debes tener entre 18 y 29 a\u00f1os). Presentaci\u00f3n de solicitudes finalizada.\u00bb url=\u00bbhttps:\/\/soib.es\/es\/soib-jove-beques-dexit-espa\/\u00bb url_new_window=\u00bbon\u00bb use_icon=\u00bbon\u00bb font_icon=\u00bb&#x41;||divi||400&#8243; icon_color=\u00bb#CB023E\u00bb icon_placement=\u00bbleft\u00bb content_max_width=\u00bb1100px\u00bb disabled_on=\u00bboff|off|off\u00bb _builder_version=\u00bb4.27.4&#8243; _module_preset=\u00bbdefault\u00bb locked=\u00bboff\u00bb global_colors_info=\u00bb{}\u00bb][\/et_pb_blurb][et_pb_blurb title=\u00bbBeca de \u00c9xito para formaci\u00f3n profesional presencial reglada de ciclos de grado medio o superior \u2013 <strong>FP<\/strong> (debes tener entre 18 y 29 a\u00f1os). Presentaci\u00f3n de solicitudes finalizada.\u00bb url=\u00bbhttps:\/\/soib.es\/es\/soib-jove-beques-dexit-fp\/\u00bb url_new_window=\u00bbon\u00bb use_icon=\u00bbon\u00bb font_icon=\u00bb&#x41;||divi||400&#8243; icon_color=\u00bb#CB023E\u00bb icon_placement=\u00bbleft\u00bb content_max_width=\u00bb1100px\u00bb disabled_on=\u00bboff|off|off\u00bb _builder_version=\u00bb4.23.1&#8243; _module_preset=\u00bbdefault\u00bb locked=\u00bboff\u00bb global_colors_info=\u00bb{}\u00bb][\/et_pb_blurb][\/et_pb_column][et_pb_column type=\u00bb1_2&#8243; _builder_version=\u00bb4.16&#8243; custom_padding=\u00bb|||\u00bb global_colors_info=\u00bb{}\u00bb custom_padding__hover=\u00bb|||\u00bb][et_pb_text _builder_version=\u00bb4.23.1&#8243; _module_preset=\u00bbdefault\u00bb custom_padding=\u00bb9px|||||\u00bb global_colors_info=\u00bb{}\u00bb]<\/p>\n<h4><strong>Escoge tu Beca de \u00c9xito para el curso 2023-2024<\/strong><\/h4>\n<p>[\/et_pb_text][et_pb_blurb title=\u00bbBeca de \u00c9xito para Educaci\u00f3n Secundaria para Personas Adultas \u2013 <strong>ESPA<\/strong> (debes tener entre 18 y 29 a\u00f1os). Presentaci\u00f3n de solicitudes finalizada.\u00bb url=\u00bbhttps:\/\/soib.es\/es\/soib-jove-beques-dexit-espa\/\u00bb url_new_window=\u00bbon\u00bb use_icon=\u00bbon\u00bb font_icon=\u00bb&#x41;||divi||400&#8243; icon_color=\u00bb#CB023E\u00bb icon_placement=\u00bbleft\u00bb content_max_width=\u00bb1100px\u00bb _builder_version=\u00bb4.23.1&#8243; _module_preset=\u00bbdefault\u00bb locked=\u00bboff\u00bb global_colors_info=\u00bb{}\u00bb][\/et_pb_blurb][et_pb_blurb title=\u00bbBeca de \u00c9xito para formaci\u00f3n profesional presencial reglada de ciclos de grado medio o superior \u2013 <strong>FP<\/strong> (debes tener entre 18 y 29 a\u00f1os). Presentaci\u00f3n de solicitudes finalizada.\u00bb url=\u00bbhttps:\/\/soib.es\/es\/soib-jove-beques-dexit-fp\/\u00bb url_new_window=\u00bbon\u00bb use_icon=\u00bbon\u00bb font_icon=\u00bb&#x41;||divi||400&#8243; icon_color=\u00bb#CB023E\u00bb icon_placement=\u00bbleft\u00bb content_max_width=\u00bb1100px\u00bb _builder_version=\u00bb4.23.1&#8243; _module_preset=\u00bbdefault\u00bb locked=\u00bboff\u00bb global_colors_info=\u00bb{}\u00bb][\/et_pb_blurb][\/et_pb_column][\/et_pb_row][et_pb_row _builder_version=\u00bb4.23.1&#8243; background_size=\u00bbinitial\u00bb background_position=\u00bbtop_left\u00bb background_repeat=\u00bbrepeat\u00bb custom_margin=\u00bb30px||||false|false\u00bb locked=\u00bboff\u00bb global_colors_info=\u00bb{}\u00bb][et_pb_column type=\u00bb4_4&#8243; _builder_version=\u00bb4.16&#8243; custom_padding=\u00bb|||\u00bb global_colors_info=\u00bb{}\u00bb custom_padding__hover=\u00bb|||\u00bb][et_pb_text _builder_version=\u00bb4.23.1&#8243; _module_preset=\u00bbdefault\u00bb locked=\u00bboff\u00bb global_colors_info=\u00bb{}\u00bb]M\u00e1s informaci\u00f3n: <a href=\"https:\/\/www.caib.es\/seucaib\/es\/200\/persones\/tramites\/tramite\/5356573\" target=\"_blank\" rel=\"noopener\"><span style=\"color: #cb023e;\"><strong>Convocatoria 2022-2025 de becas de \u00e9xito para j\u00f3venes de entre 18 y 29 a\u00f1os en desempleo para estudios de ESPA y FP, cofinanciada por el Fondo Social Europeo Plus, Programa Illes Balears para el periodo 2021-2027<\/strong><\/span><\/a>[\/et_pb_text][\/et_pb_column][\/et_pb_row][\/et_pb_section]<\/p>\n","protected":false},"excerpt":{"rendered":"<p>Informaci\u00f3n Beca de \u00c9xito para el curso 2024-2025Escoge tu Beca de \u00c9xito para el curso 2023-2024M\u00e1s informaci\u00f3n: Convocatoria 2022-2025 de becas de \u00e9xito para j\u00f3venes de entre 18 y 29 a\u00f1os en desempleo para estudios de ESPA y FP, cofinanciada por el Fondo Social Europeo Plus, Programa Illes Balears para el periodo 2021-2027<\/p>\n","protected":false},"author":13,"featured_media":56321,"comment_status":"closed","ping_status":"closed","sticky":false,"template":"","format":"standard","meta":{"_et_pb_use_builder":"on","_et_pb_old_content":"<p><a href=\"https:\/\/soib.es\/wp-content\/uploads\/2018\/11\/5a-Res.-provisional-5\u00aa-concessi\u00f3-BEPO-2018-cat.pdf\" target=\"_blank\" rel=\"noopener\"><strong>NOVETAT: Llistat provisional de beneficiaris de la 5a resoluci\u00f3 de concessi\u00f3 de subvencions en concepte de beques de la convocat\u00f2ria SOIB Jove Beques d\u2019\u00c8xit, per al per\u00edode 2018-2019\u00a0<\/strong><\/a><\/p><p><strong><a href=\"https:\/\/soib.es\/wp-content\/uploads\/2018\/11\/4a-Res.-provisional-3\u00aa-concessi\u00f3-BEPO-2018-cat-1.pdf\" target=\"_blank\" rel=\"noopener\">Llistat provisional de beneficiaris de la 4a resoluci\u00f3 de concessi\u00f3 de subvencions en concepte de beques de la convocat\u00f2ria SOIB Jove Beques d\u2019\u00c8xit, per al per\u00edode 2018-2019<\/a><\/strong><\/p><p><strong><a href=\"https:\/\/soib.es\/wp-content\/uploads\/2018\/11\/Resoluci\u00f3-2a-concessi\u00f3-beques-d\u00e8xit-2018-2019.pdf\" target=\"_blank\" rel=\"noopener\">Llistat definitiu de beneficiaris de la 2a resoluci\u00f3 de concessi\u00f3 de subvencions en concepte de beques de la convocat\u00f2ria SOIB Jove Beques d\u2019\u00c8xit, per al per\u00edode 2018-2019<\/a><\/strong><\/p><p><a href=\"http:\/\/www.caib.es\/eboibfront\/ca\/2018\/10892\/615089\/resolucio-del-conseller-de-treball-comerc-i-indust\" target=\"_blank\" rel=\"noopener\"><strong>Llistat definitiu de beneficiaris de la 1a resoluci\u00f3 de concessi\u00f3 de subvencions en concepte de beques de la convocat\u00f2ria SOIB Jove Beques d\u2019\u00c8xit, per al per\u00edode 2018-2019<\/strong><\/a><\/p><p>\u00a0<\/p><p>\u00a0<\/p><p>\u00a0<\/p>","_et_gb_content_width":"","footnotes":"","_links_to":"","_links_to_target":""},"categories":[182,222,218],"tags":[],"class_list":["post-8423","post","type-post","status-publish","format-standard","has-post-thumbnail","hentry","category-becas-de-exito","category-soib-jove-es","category-soib-joven"],"publishpress_future_action":{"enabled":false,"date":"2026-05-05 12:55:17","action":"change-status","newStatus":"draft","terms":[],"taxonomy":"category","extraData":[]},"publishpress_future_workflow_manual_trigger":{"enabledWorkflows":[]},"_links":{"self":[{"href":"https:\/\/soib.es\/es\/wp-json\/wp\/v2\/posts\/8423","targetHints":{"allow":["GET"]}}],"collection":[{"href":"https:\/\/soib.es\/es\/wp-json\/wp\/v2\/posts"}],"about":[{"href":"https:\/\/soib.es\/es\/wp-json\/wp\/v2\/types\/post"}],"author":[{"embeddable":true,"href":"https:\/\/soib.es\/es\/wp-json\/wp\/v2\/users\/13"}],"replies":[{"embeddable":true,"href":"https:\/\/soib.es\/es\/wp-json\/wp\/v2\/comments?post=8423"}],"version-history":[{"count":0,"href":"https:\/\/soib.es\/es\/wp-json\/wp\/v2\/posts\/8423\/revisions"}],"wp:featuredmedia":[{"embeddable":true,"href":"https:\/\/soib.es\/es\/wp-json\/wp\/v2\/media\/56321"}],"wp:attachment":[{"href":"https:\/\/soib.es\/es\/wp-json\/wp\/v2\/media?parent=8423"}],"wp:term":[{"taxonomy":"category","embeddable":true,"href":"https:\/\/soib.es\/es\/wp-json\/wp\/v2\/categories?post=8423"},{"taxonomy":"post_tag","embeddable":true,"href":"https:\/\/soib.es\/es\/wp-json\/wp\/v2\/tags?post=8423"}],"curies":[{"name":"wp","href":"https:\/\/api.w.org\/{rel}","templated":true}]}}