{"id":73740,"date":"2026-09-04T10:18:11","date_gmt":"2026-09-04T08:18:11","guid":{"rendered":"https:\/\/soib.es\/adn-digital-talleres-practicos-para-impulsar-la-digitalizacion\/"},"modified":"2026-09-04T10:20:11","modified_gmt":"2026-09-04T08:20:11","slug":"adn-digital-talleres-practicos-para-impulsar-la-digitalizacion","status":"publish","type":"post","link":"https:\/\/soib.es\/es\/adn-digital-talleres-practicos-para-impulsar-la-digitalizacion\/","title":{"rendered":"ADN DIGITAL: talleres pr\u00e1cticos para impulsar la digitalizaci\u00f3n."},"content":{"rendered":"<p>[et_pb_section fb_built=\u00bb1&#8243; _builder_version=\u00bb4.16&#8243; global_colors_info=\u00bb{}\u00bb][et_pb_row _builder_version=\u00bb4.16&#8243; background_size=\u00bbinitial\u00bb background_position=\u00bbtop_left\u00bb background_repeat=\u00bbrepeat\u00bb custom_padding=\u00bb|||24px||\u00bb global_colors_info=\u00bb{}\u00bb][et_pb_column type=\u00bb4_4&#8243; _builder_version=\u00bb4.16&#8243; custom_padding=\u00bb|||\u00bb global_colors_info=\u00bb{}\u00bb custom_padding__hover=\u00bb|||\u00bb][et_pb_text _builder_version=\u00bb4.27.8&#8243; background_size=\u00bbinitial\u00bb background_position=\u00bbtop_left\u00bb background_repeat=\u00bbrepeat\u00bb global_colors_info=\u00bb{}\u00bb]<\/p>\n<div class=\"qMYqUG_convSearchResultHighlightRoot\">\n<div class=\"\" data-turn-id-container=\"request-WEB:a49296b6-9479-4be6-afd7-788e905fdab6-5\" data-is-intersecting=\"true\">\n<section class=\"text-token-text-primary w-full focus:outline-none has-data-writing-block:pointer-events-none [&amp;:has([data-writing-block])&gt;*]:pointer-events-auto R6Vx5W_threadScrollVars scroll-mb-[calc(var(--scroll-root-safe-area-inset-bottom,0px)+var(--thread-response-height))] scroll-mt-[calc(var(--header-height)+min(200px,max(70px,20svh)))]\" dir=\"auto\" data-turn-id=\"request-WEB:a49296b6-9479-4be6-afd7-788e905fdab6-5\" data-turn-id-container=\"request-WEB:a49296b6-9479-4be6-afd7-788e905fdab6-5\" data-testid=\"conversation-turn-6\" data-turn=\"assistant\">\n<div class=\"text-base my-auto mx-auto pb-8 [--thread-content-margin:var(--thread-content-margin-xs,calc(var(--spacing)*4))] @w-sm\/main:[--thread-content-margin:var(--thread-content-margin-sm,calc(var(--spacing)*6))] @w-lg\/main:[--thread-content-margin:var(--thread-content-margin-lg,calc(var(--spacing)*16))] px-(--thread-content-margin)\">\n<div class=\"[--thread-content-max-width:40rem] @w-lg\/main:[--thread-content-max-width:48rem] mx-auto max-w-(--thread-content-max-width) flex-1 group\/turn-messages focus-visible:outline-hidden @[53.5rem]\/main:[--thread-content-max-width:48rem] relative flex w-full min-w-0 flex-col agent-turn\" data-conversation-screenshot-content=\"\">\n<div class=\"flex max-w-full flex-col gap-4 grow\">\n<div class=\"min-h-8 text-message relative flex w-full flex-col items-end gap-2 text-start break-words whitespace-normal outline-none keyboard-focused:focus-ring [.text-message+&amp;]:mt-1\" dir=\"auto\" tabindex=\"0\" data-message-author-role=\"assistant\" data-message-id=\"f8e7a206-89db-5079-aad5-f08122f78aea\" data-turn-start-message=\"true\" data-message-model-slug=\"gpt-5.6-sol-wm\">\n<div class=\"flex w-full flex-col gap-1 empty:hidden\">\n<div class=\"fbskMG_root markdown prose dark:prose-invert wrap-break-word w-full light markdown-new-styling\">\n<p class=\"PDq2pG_selectionAnchorContainer\" data-start=\"0\" data-end=\"67\"><strong data-start=\"0\" data-end=\"67\">ADN DIGITAL: talleres pr\u00e1cticos para impulsar la digitalizaci\u00f3n<\/strong><\/p>\n<p data-start=\"69\" data-end=\"347\">El COE Balears pone en marcha <strong data-start=\"99\" data-end=\"114\">ADN DIGITAL<\/strong>, un programa de talleres pr\u00e1cticos dirigido a personas que quieran mejorar sus competencias digitales e incorporar la tecnolog\u00eda, la inteligencia artificial, la automatizaci\u00f3n y las herramientas digitales a su d\u00eda a d\u00eda profesional.<\/p>\n<p data-start=\"349\" data-end=\"471\">Los talleres se llevar\u00e1n a cabo entre los meses de <strong data-start=\"400\" data-end=\"434\">septiembre y noviembre de 2026<\/strong>, en modalidad presencial o en l\u00ednea.<\/p>\n<h3 data-section-id=\"1ufa7pi\" data-start=\"473\" data-end=\"497\">Programa de talleres<\/h3>\n<ul data-start=\"499\" data-end=\"1339\">\n<li data-section-id=\"1w8e5tk\" data-start=\"499\" data-end=\"586\"><strong data-start=\"501\" data-end=\"540\">14 de septiembre, de 9.30 a 12.00 h<\/strong><br data-start=\"540\" data-end=\"543\" \/>Taller 1. Ciberseguridad (<strong data-start=\"571\" data-end=\"585\">presencial<\/strong>)<\/li>\n<li data-section-id=\"16hru4i\" data-start=\"587\" data-end=\"687\"><strong data-start=\"589\" data-end=\"628\">16 de septiembre, de 9.30 a 12.00 h<\/strong><br data-start=\"628\" data-end=\"631\" \/>Taller 2. Seminario web: Ciberseguridad (<strong data-start=\"674\" data-end=\"686\">en l\u00ednea<\/strong>)<\/li>\n<li data-section-id=\"g738bh\" data-start=\"688\" data-end=\"817\"><strong data-start=\"690\" data-end=\"726\">21 de octubre, de 9.30 a 12.00 h<\/strong><br data-start=\"726\" data-end=\"729\" \/>Taller 3. C\u00f3mo la IA puede ayudarte a ser m\u00e1s eficiente en el trabajo (<strong data-start=\"802\" data-end=\"816\">presencial<\/strong>)<\/li>\n<li data-section-id=\"s4cqhz\" data-start=\"818\" data-end=\"960\"><strong data-start=\"820\" data-end=\"856\">27 de octubre, de 9.30 a 12.00 h<\/strong><br data-start=\"856\" data-end=\"859\" \/>Taller 4. Seminario web: C\u00f3mo la IA puede ayudarte a ser m\u00e1s eficiente en el trabajo (<strong data-start=\"947\" data-end=\"959\">en l\u00ednea<\/strong>)<\/li>\n<li data-section-id=\"3vqip9\" data-start=\"961\" data-end=\"1130\"><strong data-start=\"963\" data-end=\"1011\">Del 16 al 20 de noviembre, de 9.00 a 12.00 h<\/strong><br data-start=\"1011\" data-end=\"1014\" \/>Taller 5. Taller pr\u00e1ctico de dise\u00f1o web y marketing digital para personas ocupadas y desempleadas (<strong data-start=\"1115\" data-end=\"1129\">presencial<\/strong>)<\/li>\n<li data-section-id=\"5xxiki\" data-start=\"1131\" data-end=\"1228\"><strong data-start=\"1133\" data-end=\"1171\">24 de noviembre, de 9.30 a 12.00 h<\/strong><br data-start=\"1171\" data-end=\"1174\" \/>Taller 6. B\u00fasqueda de empleo con IA (<strong data-start=\"1213\" data-end=\"1227\">presencial<\/strong>)<\/li>\n<li data-section-id=\"14l8bmi\" data-start=\"1229\" data-end=\"1339\"><strong data-start=\"1231\" data-end=\"1269\">26 de noviembre, de 9.30 a 12.00 h<\/strong><br data-start=\"1269\" data-end=\"1272\" \/>Taller 7. Seminario web: B\u00fasqueda de empleo con IA (<strong data-start=\"1326\" data-end=\"1338\">en l\u00ednea<\/strong>)<\/li>\n<\/ul>\n<h3 data-section-id=\"74iuq3\" data-start=\"1341\" data-end=\"1350\">Lugar<\/h3>\n<p data-start=\"1352\" data-end=\"1459\">Los talleres presenciales se llevar\u00e1n a cabo en el <strong data-start=\"1403\" data-end=\"1418\">COE Balears<\/strong>, en la calle Juli\u00e0 \u00c1lvarez, 7, de Palma.<\/p>\n<h3 data-section-id=\"1b7yrxh\" data-start=\"1461\" data-end=\"1492\">Informaci\u00f3n e inscripciones<\/h3>\n<p data-start=\"1494\" data-end=\"1637\" data-is-last-node=\"\" data-is-only-node=\"\">La participaci\u00f3n es gratuita. Consulta toda la informaci\u00f3n e inscr\u00edbete en los talleres que te interesen mediante el formulario de inscripci\u00f3n:<\/p>\n<\/div>\n<p><\/div>\n<p><\/div>\n<p><\/div>\n<p><\/div>\n<p><\/div>\n<p><\/section>\n<p><\/div>\n<p><\/div>\n<p><\/p>\n<a href='https:\/\/forms.cloud.microsoft\/Pages\/ResponsePage.aspx?id=mwxPj8j0cUCN6UTv1Kg4OTqaXKjpK_ZIrpYcmGBjeRdUODA0N0lLT0NGNk04TFA3VEdKUU5RMEg1VC4u&#038;origin=QRCode' class='small-button smallsilver' target=\"_blank\"><span style=\"color: #cb023e;\"> Informaci\u00f3n e inscripciones<\/span><\/a>\n<p><\/p>\n<p>&nbsp;<\/p>\n<p>[\/et_pb_text][\/et_pb_column][\/et_pb_row][\/et_pb_section]<\/p>\n","protected":false},"excerpt":{"rendered":"<p>ADN DIGITAL: talleres pr\u00e1cticos para impulsar la digitalizaci\u00f3n El COE Balears pone en marcha ADN DIGITAL, un programa de talleres pr\u00e1cticos dirigido a personas que quieran mejorar sus competencias digitales e incorporar la tecnolog\u00eda, la inteligencia artificial, la automatizaci\u00f3n y las herramientas digitales a su d\u00eda a d\u00eda profesional. Los talleres se llevar\u00e1n a cabo [&hellip;]<\/p>\n","protected":false},"author":41,"featured_media":73739,"comment_status":"closed","ping_status":"closed","sticky":false,"template":"","format":"standard","meta":{"_et_pb_use_builder":"on","_et_pb_old_content":"","_et_gb_content_width":"","_jetpack_newsletter_access":"","_jetpack_dont_email_post_to_subs":false,"_jetpack_newsletter_tier_id":0,"_jetpack_memberships_contains_paywalled_content":false,"_jetpack_feature_clip_id":0,"_jetpack_memberships_contains_paid_content":false,"footnotes":"","jetpack_post_was_ever_published":false,"_links_to":"","_links_to_target":""},"categories":[207,209,7],"tags":[],"class_list":["post-73740","post","type-post","status-publish","format-standard","has-post-thumbnail","hentry","category-destacats-es","category-processos-de-seleccio-es","category-sin-categorizar"],"jetpack_sharing_enabled":true,"publishpress_future_action":{"enabled":false,"date":"2026-09-12 06:22:08","action":"change-status","newStatus":"draft","terms":[],"taxonomy":"category","extraData":[]},"publishpress_future_workflow_manual_trigger":{"enabledWorkflows":[]},"jetpack_featured_media_url":"https:\/\/soib.es\/wp-content\/uploads\/2026\/09\/Diseno-sin-titulo6.png","_links":{"self":[{"href":"https:\/\/soib.es\/es\/wp-json\/wp\/v2\/posts\/73740","targetHints":{"allow":["GET"]}}],"collection":[{"href":"https:\/\/soib.es\/es\/wp-json\/wp\/v2\/posts"}],"about":[{"href":"https:\/\/soib.es\/es\/wp-json\/wp\/v2\/types\/post"}],"author":[{"embeddable":true,"href":"https:\/\/soib.es\/es\/wp-json\/wp\/v2\/users\/41"}],"replies":[{"embeddable":true,"href":"https:\/\/soib.es\/es\/wp-json\/wp\/v2\/comments?post=73740"}],"version-history":[{"count":10,"href":"https:\/\/soib.es\/es\/wp-json\/wp\/v2\/posts\/73740\/revisions"}],"predecessor-version":[{"id":73751,"href":"https:\/\/soib.es\/es\/wp-json\/wp\/v2\/posts\/73740\/revisions\/73751"}],"wp:featuredmedia":[{"embeddable":true,"href":"https:\/\/soib.es\/es\/wp-json\/wp\/v2\/media\/73739"}],"wp:attachment":[{"href":"https:\/\/soib.es\/es\/wp-json\/wp\/v2\/media?parent=73740"}],"wp:term":[{"taxonomy":"category","embeddable":true,"href":"https:\/\/soib.es\/es\/wp-json\/wp\/v2\/categories?post=73740"},{"taxonomy":"post_tag","embeddable":true,"href":"https:\/\/soib.es\/es\/wp-json\/wp\/v2\/tags?post=73740"}],"curies":[{"name":"wp","href":"https:\/\/api.w.org\/{rel}","templated":true}]}}