{"id":6126,"date":"2018-05-18T09:17:30","date_gmt":"2018-05-18T07:17:30","guid":{"rendered":"https:\/\/soib.es\/?p=6126"},"modified":"2018-05-24T08:53:33","modified_gmt":"2018-05-24T06:53:33","slug":"aprovats-4-milions-deuros-per-al-programa-soib-ocupats-daccions-formatives","status":"publish","type":"post","link":"https:\/\/soib.es\/es\/aprovats-4-milions-deuros-per-al-programa-soib-ocupats-daccions-formatives\/","title":{"rendered":"Aprobados 4 millones de euros para el programa SOIB Ocupados de acciones formativas"},"content":{"rendered":"<p>[et_pb_section bb_built=\u00bb1&#8243; _builder_version=\u00bb3.0.99&#8243; background_color=\u00bb#f7f7f7&#8243; custom_padding=\u00bb25px|0px|25px|0px\u00bb][et_pb_row _builder_version=\u00bb3.0.99&#8243;][et_pb_column type=\u00bb4_4&#8243;][et_pb_text _builder_version=\u00bb3.0.99&#8243; background_layout=\u00bblight\u00bb]<\/p>\n<h2><\/h2>\n<h2><strong>Aprobados 4 millones de euros para el programa SOIB Ocupados de acciones formativas <\/strong><\/h2>\n<p>[\/et_pb_text][\/et_pb_column][\/et_pb_row][\/et_pb_section][et_pb_section bb_built=\u00bb1&#8243; _builder_version=\u00bb3.0.99&#8243; custom_padding=\u00bb25px|0px|54px|0px\u00bb][et_pb_row _builder_version=\u00bb3.0.99&#8243;][et_pb_column type=\u00bb4_4&#8243;][et_pb_text _builder_version=\u00bb3.0.99&#8243; background_layout=\u00bblight\u00bb]<\/p>\n<p><img loading=\"lazy\" decoding=\"async\" class=\"aligncenter wp-image-6117\" src=\"https:\/\/soib.es\/wp-content\/uploads\/2018\/05\/soib-ocupats-foto-consell-de-govern-18.5.2018-300x180.jpg\" alt=\"\" width=\"795\" height=\"476\" srcset=\"https:\/\/soib.es\/wp-content\/uploads\/2018\/05\/soib-ocupats-foto-consell-de-govern-18.5.2018-300x180.jpg 300w, https:\/\/soib.es\/wp-content\/uploads\/2018\/05\/soib-ocupats-foto-consell-de-govern-18.5.2018-768x460.jpg 768w, https:\/\/soib.es\/wp-content\/uploads\/2018\/05\/soib-ocupats-foto-consell-de-govern-18.5.2018-1024x614.jpg 1024w, https:\/\/soib.es\/wp-content\/uploads\/2018\/05\/soib-ocupats-foto-consell-de-govern-18.5.2018-1080x647.jpg 1080w, https:\/\/soib.es\/wp-content\/uploads\/2018\/05\/soib-ocupats-foto-consell-de-govern-18.5.2018.jpg 1697w\" sizes=\"(max-width: 795px) 100vw, 795px\" \/><\/p>\n<p>El Consejo de Gobierno ha autorizado una partida por un importe de 4 millones de euros para financiar la convocatoria de subvenciones SOIB Ocupados de programas de formaci\u00f3n sectorial y transversal, dirigidos prioritariamente a trabajadores y trabajadoras en activo para el periodo 2018-2020, impulsada por la Consejer\u00eda de Trabajo, Comercio e Industria, a trav\u00e9s del Servicio de Empleo p\u00fablico (SOIB).<\/p>\n<p>Con esta inversi\u00f3n, orientada a mejorar la empleabilidad, la promoci\u00f3n profesional y el desarrollo personal de los que lleven a cabo las acciones, se podr\u00e1n beneficiar 5.000 alumnos en todas las Islas.<\/p>\n<p>De acuerdo con las bases de la convocatoria, se ha dado prioridad de acceso a la formaci\u00f3n a las personas trabajadoras de peque\u00f1as y medianas empresas, mujeres, personas afectadas y v\u00edctimas de terrorismo o de violencia de g\u00e9nero, mayores de 45 a\u00f1os, personas de baja cualificaci\u00f3n y personas con discapacidad.<\/p>\n<p>Asimismo, para el dise\u00f1o de las ayudas, el SOIB ha tenido en cuenta las necesidades formativas del sector, gracias a la participaci\u00f3n directa de las organizaciones empresariales y sindicales, las entidades m\u00e1s representativas por sector y \u00e1mbito de actuaci\u00f3n, organizaciones intersectoriales representativas de aut\u00f3nomos y de la econom\u00eda social, as\u00ed como el Consejo de Formaci\u00f3n Profesional.<\/p>\n<p>Del total presupuestado, se dedicar\u00e1n 1,8 millones de euros a programas de formaci\u00f3n en competencias transversales de cualquier sector, 2 millones de euros a programas de formaci\u00f3n sectorial dirigidos a reforzar las competencias de los trabajadores dentro de los sectores econ\u00f3micos, y 200.000 euros para programas de formaci\u00f3n dirigidos a trabajadores aut\u00f3nomos y de la econom\u00eda social.<\/p>\n<p>La distribuci\u00f3n por islas de todos los programas es la siguiente: Mallorca dispondr\u00e1 de 3.204.000 euros, Menorca, de 260.000 euros, Eivissa, de 500.000 euros, y Formentera de 36.000 euros.<\/p>\n<p>Las acciones formativas que se podr\u00e1n solicitar para desarrollar los Programas de Formaci\u00f3n Sectorial pertenecen a cualquiera de los 10 \u00e1mbitos sectoriales siguientes: agroalimentario, comercio, construcci\u00f3n, educaci\u00f3n y formaci\u00f3n, hosteler\u00eda y juego, industria, sanidad, servicios administrativos, finanzas y seguros, servicios colectivos y transporte.<\/p>\n<p>Las especialidades formativas que se incluyan en la programaci\u00f3n se tienen que dirigir prioritariamente a trabajadores ocupados en el momento del inicio de la acci\u00f3n formativa que trabajen en empresas que tengan actividad empresarial en las Islas Baleares.<\/p>\n<p>Los trabajadores aut\u00f3nomos y de la econom\u00eda social podr\u00e1n participar en todas las acciones formativas programadas, sin perjuicio que cuenten con programas de formaci\u00f3n propios en el marco de esta convocatoria.<\/p>\n<p>La concesi\u00f3n de las subvenciones se tiene que tramitar en r\u00e9gimen de concurrencia competitiva de acuerdo con los principios de objetividad, igualdad, transparencia y publicidad.<\/p>\n<p>Estas ayudas, incluidas en el Plan Estrat\u00e9gico de Subvenciones de la CAIB para el a\u00f1o 2018, se financian mediante fondos de la Conferencia Sectorial de Empleo y Asuntos Laborales.<\/p>\n<p>[\/et_pb_text][\/et_pb_column][\/et_pb_row][\/et_pb_section][et_pb_section bb_built=\u00bb1&#8243; background_color=\u00bb#df1f4f\u00bb disabled_on=\u00bbon|on|off\u00bb _builder_version=\u00bb3.0.82&#8243; custom_padding=\u00bb54px|0px|0px|0px\u00bb][et_pb_row custom_padding=\u00bb0px|0px|27px|0px\u00bb custom_css_main_2=\u00bbmargin-left: -20%;\u00bb custom_css_main_3=\u00bbmargin-left: 32px;\u00bb custom_css_main_4=\u00bbmargin-left: 100px;\u00bb _builder_version=\u00bb3.0.82&#8243;][et_pb_column type=\u00bb1_4&#8243;][et_pb_blurb url=\u00bbhttps:\/\/twitter.com\/soibinfo?lang=es\u00bb use_icon=\u00bbon\u00bb font_icon=\u00bb%%292%%\u00bb icon_color=\u00bb#df1f4f\u00bb use_circle=\u00bbon\u00bb icon_placement=\u00bbleft\u00bb use_icon_font_size=\u00bbon\u00bb _builder_version=\u00bb3.0.99&#8243; animation=\u00bboff\u00bb]<\/p>\n<p>&nbsp;<\/p>\n<p>[\/et_pb_blurb][\/et_pb_column][et_pb_column type=\u00bb1_4&#8243;][et_pb_blurb url=\u00bbhttps:\/\/www.facebook.com\/SOIBINFO\/\u00bb use_icon=\u00bbon\u00bb font_icon=\u00bb%%291%%\u00bb icon_color=\u00bb#df1f4f\u00bb use_circle=\u00bbon\u00bb icon_placement=\u00bbleft\u00bb _builder_version=\u00bb3.0.82&#8243; animation=\u00bboff\u00bb]<\/p>\n<p>&nbsp;<\/p>\n<p>[\/et_pb_blurb][\/et_pb_column][et_pb_column type=\u00bb1_4&#8243;][et_pb_image src=\u00bbhttps:\/\/soib.es\/wp-content\/uploads\/2017\/10\/ue3.gif\u00bb _builder_version=\u00bb3.0.82&#8243; module_alignment=\u00bbleft\u00bb]<\/p>\n<p>&nbsp;<\/p>\n<p>[\/et_pb_image][\/et_pb_column][et_pb_column type=\u00bb1_4&#8243;][et_pb_text _builder_version=\u00bb3.0.82&#8243; custom_css_main_element=\u00bbwidth: 150%;\u00bb]<\/p>\n<p style=\"color: #fff; text-align: right;\">Servei d&#8217;Ocupaci\u00f3 de les Illes Balears (SOIB):<\/p>\n<p style=\"color: #fff; text-align: right;\">Cam\u00ed vell de Bunyola, 43, 1\u00ba &#8211; Edifici rotonda Asima<\/p>\n<p style=\"color: #fff; text-align: right;\">Pol\u00edgon de son Castell\u00f3 &#8211; 07009 Palma<\/p>\n<p style=\"color: #fff; text-align: right;\">Tel\u00e8fon <a style=\"color: #fff;\" href=\"tel:+34971784991\">971784991<\/a> &#8211; Fax 971784942<\/p>\n<p>[\/et_pb_text][\/et_pb_column][\/et_pb_row][\/et_pb_section][et_pb_section bb_built=\u00bb1&#8243; background_color=\u00bb#df1f4f\u00bb disabled_on=\u00bbon|off|on\u00bb _builder_version=\u00bb3.0.82&#8243; custom_padding=\u00bb20px|0px|0px|0px\u00bb][et_pb_row custom_padding=\u00bb0px|0px|27px|0px\u00bb custom_css_main_2=\u00bbmargin-left: -225px;\u00bb custom_css_main_3=\u00bbmargin-left: 32px;\u00bb custom_css_main_4=\u00bbmargin-left: 100px;\u00bb _builder_version=\u00bb3.0.82&#8243;][et_pb_column type=\u00bb4_4&#8243;][et_pb_text _builder_version=\u00bb3.0.82&#8243; custom_css_main_element=\u00bbwidth: 150%;\u00bb]<\/p>\n<p style=\"color: #fff;\">Servei d&#8217;Ocupaci\u00f3 de les Illes Balears (SOIB):<\/p>\n<p style=\"color: #fff;\">Cam\u00ed vell de Bunyola, 43, 1\u00ba &#8211; Edifici rotonda Asima<\/p>\n<p style=\"color: #fff;\">Pol\u00edgon de son Castell\u00f3 &#8211; 07009 Palma<\/p>\n<p style=\"color: #fff;\">Tel\u00e8fon <a style=\"color: #fff;\" href=\"tel:+34971784991\">971784991<\/a> &#8211; Fax 971784942<\/p>\n<p>[\/et_pb_text][et_pb_image src=\u00bbhttps:\/\/soib.es\/wp-content\/uploads\/2017\/10\/ue3.gif\u00bb _builder_version=\u00bb3.0.82&#8243; max_width=\u00bb50%\u00bb module_alignment=\u00bbcenter\u00bb]<\/p>\n<p>&nbsp;<\/p>\n<p>[\/et_pb_image][et_pb_blurb url=\u00bbhttps:\/\/twitter.com\/soibinfo?lang=es\u00bb use_icon=\u00bbon\u00bb font_icon=\u00bb%%292%%\u00bb icon_color=\u00bb#df1f4f\u00bb use_circle=\u00bbon\u00bb icon_placement=\u00bbleft\u00bb use_icon_font_size=\u00bbon\u00bb _builder_version=\u00bb3.0.82&#8243; animation=\u00bboff\u00bb custom_css_main_element=\u00bbfloat: right;\u00bb]<\/p>\n<p>&nbsp;<\/p>\n<p>[\/et_pb_blurb][et_pb_blurb url=\u00bbhttps:\/\/www.facebook.com\/SOIBINFO\/\u00bb use_icon=\u00bbon\u00bb font_icon=\u00bb%%291%%\u00bb icon_color=\u00bb#df1f4f\u00bb use_circle=\u00bbon\u00bb icon_placement=\u00bbleft\u00bb _builder_version=\u00bb3.0.82&#8243; animation=\u00bboff\u00bb]<\/p>\n<p>&nbsp;<\/p>\n<p>[\/et_pb_blurb][\/et_pb_column][\/et_pb_row][\/et_pb_section][et_pb_section bb_built=\u00bb1&#8243; background_color=\u00bb#df1f4f\u00bb disabled_on=\u00bboff|on|on\u00bb _builder_version=\u00bb3.0.82&#8243;][et_pb_row custom_padding=\u00bb15px|0px|0px|0px\u00bb _builder_version=\u00bb3.0.82&#8243;][et_pb_column type=\u00bb4_4&#8243;][et_pb_text _builder_version=\u00bb3.0.82&#8243;]<\/p>\n<p style=\"color: #fff;\">Servei d&#8217;Ocupaci\u00f3 de les Illes Balears (SOIB):<\/p>\n<p style=\"color: #fff;\">Cam\u00ed Vell de Bunyola, 43, 1\u00aa &#8211; edifici rotonda Asima<\/p>\n<p style=\"color: #fff;\">Pol\u00edgon de son Castell\u00f3 &#8211; 07009 Palma<\/p>\n<p style=\"color: #fff;\">Tel\u00e8fon 971784991 &#8211; Fax 971784942<\/p>\n<p>[\/et_pb_text][\/et_pb_column][\/et_pb_row][et_pb_row custom_padding=\u00bb15px|0px|0px|0px\u00bb _builder_version=\u00bb3.0.82&#8243;][et_pb_column type=\u00bb4_4&#8243;][et_pb_image src=\u00bbhttps:\/\/soib.es\/wp-content\/uploads\/2017\/10\/ue3.gif\u00bb _builder_version=\u00bb3.0.82&#8243; max_width=\u00bb50%\u00bb]<\/p>\n<p>&nbsp;<\/p>\n<p>[\/et_pb_image][\/et_pb_column][\/et_pb_row][et_pb_row custom_padding=\u00bb0px|0px|0px|0px\u00bb _builder_version=\u00bb3.0.82&#8243;][et_pb_column type=\u00bb4_4&#8243;][et_pb_blurb url=\u00bbhttps:\/\/www.facebook.com\/SOIBINFO\/\u00bb use_icon=\u00bbon\u00bb font_icon=\u00bb%%291%%\u00bb icon_color=\u00bb#df1f4f\u00bb use_circle=\u00bbon\u00bb icon_placement=\u00bbleft\u00bb _builder_version=\u00bb3.0.82&#8243; animation=\u00bboff\u00bb]<\/p>\n<p>&nbsp;<\/p>\n<p>[\/et_pb_blurb][et_pb_blurb url=\u00bbhttps:\/\/twitter.com\/soibinfo?lang=es\u00bb use_icon=\u00bbon\u00bb font_icon=\u00bb%%292%%\u00bb icon_color=\u00bb#df1f4f\u00bb use_circle=\u00bbon\u00bb icon_placement=\u00bbleft\u00bb _builder_version=\u00bb3.0.82&#8243; animation=\u00bboff\u00bb]<\/p>\n<p>&nbsp;<\/p>\n<p>[\/et_pb_blurb][\/et_pb_column][\/et_pb_row][\/et_pb_section][et_pb_section bb_built=\u00bb1&#8243;][et_pb_row][\/et_pb_row][\/et_pb_section]<\/p>\n","protected":false},"excerpt":{"rendered":"<p>Aprobados 4 millones de euros para el programa SOIB Ocupados de acciones formativas El Consejo de Gobierno ha autorizado una partida por un importe de 4 millones de euros para financiar la convocatoria de subvenciones SOIB Ocupados de programas de formaci\u00f3n sectorial y transversal, dirigidos prioritariamente a trabajadores y trabajadoras en activo para el periodo [&hellip;]<\/p>\n","protected":false},"author":41,"featured_media":6118,"comment_status":"closed","ping_status":"closed","sticky":false,"template":"","format":"standard","meta":{"_et_pb_use_builder":"on","_et_pb_old_content":"","_et_gb_content_width":"","footnotes":"","_links_to":"","_links_to_target":""},"categories":[188],"tags":[],"class_list":["post-6126","post","type-post","status-publish","format-standard","has-post-thumbnail","hentry","category-noticias"],"publishpress_future_action":{"enabled":false,"date":"2026-05-05 17:33:12","action":"change-status","newStatus":"draft","terms":[],"taxonomy":"category","extraData":[]},"publishpress_future_workflow_manual_trigger":{"enabledWorkflows":[]},"_links":{"self":[{"href":"https:\/\/soib.es\/es\/wp-json\/wp\/v2\/posts\/6126","targetHints":{"allow":["GET"]}}],"collection":[{"href":"https:\/\/soib.es\/es\/wp-json\/wp\/v2\/posts"}],"about":[{"href":"https:\/\/soib.es\/es\/wp-json\/wp\/v2\/types\/post"}],"author":[{"embeddable":true,"href":"https:\/\/soib.es\/es\/wp-json\/wp\/v2\/users\/41"}],"replies":[{"embeddable":true,"href":"https:\/\/soib.es\/es\/wp-json\/wp\/v2\/comments?post=6126"}],"version-history":[{"count":0,"href":"https:\/\/soib.es\/es\/wp-json\/wp\/v2\/posts\/6126\/revisions"}],"wp:featuredmedia":[{"embeddable":true,"href":"https:\/\/soib.es\/es\/wp-json\/wp\/v2\/media\/6118"}],"wp:attachment":[{"href":"https:\/\/soib.es\/es\/wp-json\/wp\/v2\/media?parent=6126"}],"wp:term":[{"taxonomy":"category","embeddable":true,"href":"https:\/\/soib.es\/es\/wp-json\/wp\/v2\/categories?post=6126"},{"taxonomy":"post_tag","embeddable":true,"href":"https:\/\/soib.es\/es\/wp-json\/wp\/v2\/tags?post=6126"}],"curies":[{"name":"wp","href":"https:\/\/api.w.org\/{rel}","templated":true}]}}