{"id":54740,"date":"2024-04-09T13:57:34","date_gmt":"2024-04-09T11:57:34","guid":{"rendered":"https:\/\/soib.es\/el-soib-presenta-la-nova-llei-dfp-a-centres-que-podrien-impartir-formacio-dels-nous-graus-a-b-i-c\/"},"modified":"2024-04-10T13:26:35","modified_gmt":"2024-04-10T11:26:35","slug":"el-soib-presenta-la-nova-llei-dfp-a-centres-que-podrien-impartir-formacio-dels-nous-graus-a-b-i-c","status":"publish","type":"post","link":"https:\/\/soib.es\/es\/el-soib-presenta-la-nova-llei-dfp-a-centres-que-podrien-impartir-formacio-dels-nous-graus-a-b-i-c\/","title":{"rendered":"El SOIB presenta la nueva ley de FP a centros que podr\u00edan impartir formaci\u00f3n de los nuevos grados A, B y C"},"content":{"rendered":"<p>[et_pb_section][et_pb_row][et_pb_column type=\u00bb4_4&#8243;][et_pb_text]<\/p>\n<p><em>La sesi\u00f3n ha reunido a m\u00e1s de 180 representantes de entidades colaboradoras que no pertenecen al sistema educativo<\/em><\/p>\n<p><em>Se han abordado aspectos como la implantaci\u00f3n de la nueva oferta formativa, los procedimientos de autorizaci\u00f3n o la inscripci\u00f3n en el nuevo Registro General de Centros de FP, entre otras cuestiones<\/em><\/p>\n<p>El Servicio de Empleo de las Illes Balears (SOIB), ha explicado aspectos b\u00e1sicos de la nueva Ley de Formaci\u00f3n Profesional (FP) a representantes de los centros de formaci\u00f3n colaboradores que no pertenecen al sistema educativo y que, bajo la gesti\u00f3n del servicio auton\u00f3mico de empleo, podr\u00edan impartir FP de los grados A, B y C.<\/p>\n<p>La sesi\u00f3n informativa, a la que han asistido 56 personas de forma presencial y otras 127 de forma telem\u00e1tica, ha contado con la participaci\u00f3n de la directora del SOIB, Catalina Jim\u00e9nez, y de t\u00e9cnicas del departamento de Formaci\u00f3n del organismo.<\/p>\n<p>Durante su presentaci\u00f3n Jim\u00e9nez ha destacado que \u00e9ste es un gran paso hacia un sistema \u00fanico de FP con el objetivo de la mejora continua de la cualificaci\u00f3n profesional de las personas, manteniendo la formaci\u00f3n profesional desde el SOIB, lo que aporta una visi\u00f3n que garantiza las necesidades formativas del sistema productivo y el trabajo.<\/p>\n<p>El nuevo modelo de FP est\u00e1 organizado en cinco grados ascendentes (A, B, C, D y E) y el SOIB tiene atribuida la gesti\u00f3n de la formaci\u00f3n de los grados A, B y C que se impartan en los centros colaboradores que no pertenecen al sistema educativo. El objetivo de la sesi\u00f3n que se ha llevado a cabo hoy ha sido informar a estas instituciones sobre la implantaci\u00f3n de la nueva oferta formativa y c\u00f3mo afectar\u00e1 a las entidades y los centros que la quieran impartir. Las personas asistentes tambi\u00e9n han podido conocer aspectos relacionados con procedimientos de autorizaci\u00f3n de centros e inscripci\u00f3n en el nuevo Registro General de Centros de FP, autorizaciones para impartir formaci\u00f3n no sostenida con fondos p\u00fablicos, convocatorias, impartici\u00f3n de acciones formativas, entre otras cuestiones.<\/p>\n<p>[\/et_pb_text][\/et_pb_column][\/et_pb_row][\/et_pb_section]<\/p>\n","protected":false},"excerpt":{"rendered":"<p>[et_pb_section][et_pb_row][et_pb_column type=\u00bb4_4&#8243;][et_pb_text] La sesi\u00f3n ha reunido a m\u00e1s de 180 representantes de entidades colaboradoras que no pertenecen al sistema educativo Se han abordado aspectos como la implantaci\u00f3n de la nueva oferta formativa, los procedimientos de autorizaci\u00f3n o la inscripci\u00f3n en el nuevo Registro General de Centros de FP, entre otras cuestiones El Servicio de Empleo [&hellip;]<\/p>\n","protected":false},"author":13,"featured_media":54738,"comment_status":"closed","ping_status":"closed","sticky":false,"template":"","format":"standard","meta":{"_et_pb_use_builder":"","_et_pb_old_content":"<p><em>La sesi\u00f3n ha reunido a m\u00e1s de 180 representantes de entidades colaboradoras que no pertenecen al sistema educativo<\/em><\/p><p><em>Se han abordado aspectos como la implantaci\u00f3n de la nueva oferta formativa, los procedimientos de autorizaci\u00f3n o la inscripci\u00f3n en el nuevo Registro General de Centros de FP, entre otras cuestiones<\/em><\/p><p>La Consejer\u00eda de Empresa, Empleo y Energ\u00eda, a trav\u00e9s del Servicio de Empleo de las Illes Balears (SOIB), ha explicado aspectos b\u00e1sicos de la nueva Ley de Formaci\u00f3n Profesional (FP) a representantes de los centros de formaci\u00f3n colaboradores que no pertenecen al sistema educativo y que, bajo la gesti\u00f3n del servicio auton\u00f3mico de empleo, podr\u00edan impartir FP de los grados A, B y C.<\/p><p>La sesi\u00f3n informativa, a la que han asistido 56 personas de forma presencial y otras 127 de forma telem\u00e1tica, ha contado con la participaci\u00f3n de la directora del SOIB, Catalina Jim\u00e9nez, y de t\u00e9cnicas del departamento de Formaci\u00f3n del organismo.<\/p><p>Durante su presentaci\u00f3n Jim\u00e9nez ha destacado que \u00e9ste es un gran paso hacia un sistema \u00fanico de FP con el objetivo de la mejora continua de la cualificaci\u00f3n profesional de las personas, manteniendo la formaci\u00f3n profesional desde el SOIB, lo que aporta una visi\u00f3n que garantiza las necesidades formativas del sistema productivo y el trabajo.<\/p><p>El nuevo modelo de FP est\u00e1 organizado en cinco grados ascendentes (A, B, C, D y E) y el SOIB tiene atribuida la gesti\u00f3n de la formaci\u00f3n de los grados A, B y C que se impartan en los centros colaboradores que no pertenecen al sistema educativo. El objetivo de la sesi\u00f3n que se ha llevado a cabo hoy ha sido informar a estas instituciones sobre la implantaci\u00f3n de la nueva oferta formativa y c\u00f3mo afectar\u00e1 a las entidades y los centros que la quieran impartir. Las personas asistentes tambi\u00e9n han podido conocer aspectos relacionados con procedimientos de autorizaci\u00f3n de centros e inscripci\u00f3n en el nuevo Registro General de Centros de FP, autorizaciones para impartir formaci\u00f3n no sostenida con fondos p\u00fablicos, convocatorias, impartici\u00f3n de acciones formativas, entre otras cuestiones.<\/p>","_et_gb_content_width":"","footnotes":"","_links_to":"","_links_to_target":""},"categories":[188,191],"tags":[],"class_list":["post-54740","post","type-post","status-publish","format-standard","has-post-thumbnail","hentry","category-noticias","category-noticies-es"],"publishpress_future_action":{"enabled":false,"date":"2026-05-07 00:04:37","action":"change-status","newStatus":"draft","terms":[],"taxonomy":"category","extraData":[]},"publishpress_future_workflow_manual_trigger":{"enabledWorkflows":[]},"_links":{"self":[{"href":"https:\/\/soib.es\/es\/wp-json\/wp\/v2\/posts\/54740","targetHints":{"allow":["GET"]}}],"collection":[{"href":"https:\/\/soib.es\/es\/wp-json\/wp\/v2\/posts"}],"about":[{"href":"https:\/\/soib.es\/es\/wp-json\/wp\/v2\/types\/post"}],"author":[{"embeddable":true,"href":"https:\/\/soib.es\/es\/wp-json\/wp\/v2\/users\/13"}],"replies":[{"embeddable":true,"href":"https:\/\/soib.es\/es\/wp-json\/wp\/v2\/comments?post=54740"}],"version-history":[{"count":0,"href":"https:\/\/soib.es\/es\/wp-json\/wp\/v2\/posts\/54740\/revisions"}],"wp:featuredmedia":[{"embeddable":true,"href":"https:\/\/soib.es\/es\/wp-json\/wp\/v2\/media\/54738"}],"wp:attachment":[{"href":"https:\/\/soib.es\/es\/wp-json\/wp\/v2\/media?parent=54740"}],"wp:term":[{"taxonomy":"category","embeddable":true,"href":"https:\/\/soib.es\/es\/wp-json\/wp\/v2\/categories?post=54740"},{"taxonomy":"post_tag","embeddable":true,"href":"https:\/\/soib.es\/es\/wp-json\/wp\/v2\/tags?post=54740"}],"curies":[{"name":"wp","href":"https:\/\/api.w.org\/{rel}","templated":true}]}}