{"id":4408,"date":"2018-02-22T12:36:42","date_gmt":"2018-02-22T11:36:42","guid":{"rendered":"https:\/\/soib.es\/consell-de-govern-el-soib-disposara-d1-400-000-euros-en-beques-formatives-per-a-desocupats-de-llarga-durada-majors-de-30-anys\/"},"modified":"2018-02-22T13:47:28","modified_gmt":"2018-02-22T12:47:28","slug":"consejo-de-gobierno-el-soib-dispondra-de-1-400-000-euros-en-becas-formativas-para-desempleados-de-larga-duracion-mayores-de-30-anos","status":"publish","type":"post","link":"https:\/\/soib.es\/es\/consejo-de-gobierno-el-soib-dispondra-de-1-400-000-euros-en-becas-formativas-para-desempleados-de-larga-duracion-mayores-de-30-anos\/","title":{"rendered":"Consejo de Gobierno: EL SOIB DISPONDR\u00c1 DE 1.400.000 EUROS EN BECAS FORMATIVAS PARA DESOCUPADOS DE LARGA DURACI\u00d3N MAYORES DE 30 A\u00d1OS"},"content":{"rendered":"<p>[et_pb_section fb_built=\u00bb1&#8243; background_color=\u00bb#f7f7f7&#8243; _builder_version=\u00bb3.0.99&#8243; custom_padding=\u00bb25px|0px|25px|0px\u00bb][et_pb_row _builder_version=\u00bb3.0.99&#8243;][et_pb_column type=\u00bb4_4&#8243; _builder_version=\u00bb3.0.99&#8243; parallax=\u00bboff\u00bb parallax_method=\u00bbon\u00bb][et_pb_text _builder_version=\u00bb3.0.99&#8243;]<\/p>\n<h1><strong>Consejo de Gobierno: EL SOIB DISPONDR\u00c1 DE 1.400.000 EUROS EN BECAS FORMATIVAS PARA DESOCUPADOS DE LARGA DURACI\u00d3N MAYORES DE 30 A\u00d1OS<\/strong><\/h1>\n<p>Por primera vez, se crea una l\u00ednea para mujeres v\u00edctimas de violencia de g\u00e9nero y desocupadas para facilitarles el acceso a la formaci\u00f3n<\/p>\n<p>Con esta convocatoria, el <strong>SOIB<\/strong> prev\u00e9 que se podr\u00e1n beneficiar cerca de 750 personas paradas hasta el junio de 2019<\/p>\n<p>[\/et_pb_text][\/et_pb_column][\/et_pb_row][\/et_pb_section][et_pb_section fb_built=\u00bb1&#8243; _builder_version=\u00bb3.0.47&#8243; custom_padding=\u00bb25px|0px|54px|0px\u00bb][et_pb_row _builder_version=\u00bb3.0.99&#8243;][et_pb_column type=\u00bb4_4&#8243; _builder_version=\u00bb3.0.99&#8243; parallax=\u00bboff\u00bb parallax_method=\u00bbon\u00bb][et_pb_image src=\u00bbhttps:\/\/soib.es\/wp-content\/uploads\/2018\/02\/beques-formatives.jpg\u00bb alt=\u00bbConsell de Govern: EL SOIB DISPOSARA D&#8217;1.400.000 EUROS EN BEQUES FORMATIVES PER A DESOCUPATS DE LLARGA DURADA MAJORS DE 30 ANYS\u00bb title_text=\u00bbConsell de Govern: EL SOIB DISPOSARA D&#8217;1.400.000 EUROS EN BEQUES FORMATIVES PER A DESOCUPATS DE LLARGA DURADA MAJORS DE 30 ANYS\u00bb align=\u00bbcenter\u00bb _builder_version=\u00bb3.0.99&#8243;][\/et_pb_image][et_pb_text _builder_version=\u00bb3.0.99&#8243;]<\/p>\n<p>El Consejo de Gobierno ha aprobado la autorizaci\u00f3n previa para que el <strong>SOIB<\/strong> disponga de 1.400.000 \u20ac para los ejercicios 2018-2019, destinados a la convocatoria de becas formativas para personas en situaci\u00f3n de paro de larga duraci\u00f3n mayores de 30 a\u00f1os. Los beneficiarios tendr\u00e1n que ser alumnos de especialidades formativas financiadas por el <strong>SOIB<\/strong> o impartidas por centros propios de la Comunidad Aut\u00f3noma.<\/p>\n<p>Es la primera vez que se convocan este tipo de ayudas, que tienen como objetivo actuar sobre colectivos con riesgo de exclusi\u00f3n apostando por una recalificaci\u00f3n a trav\u00e9s de una ayuda econ\u00f3mica, con el objetivo de paliar las dificultades en la reinserci\u00f3n en el mercado laboral, y evitar tambi\u00e9n la p\u00e9rdida de oportunidades formativas por causas econ\u00f3micas. El periodo de vigencia abarcar\u00e1 hasta junio de 2019.<\/p>\n<p>Por primera vez, tambi\u00e9n, la convocatoria prev\u00e9 una l\u00ednia espec\u00edfica de becas formativas para mujeres desocupadas v\u00edctimas de violencia de g\u00e9nero, que podr\u00e1n acceder a estas ayudas como una medida activa para su reinserci\u00f3n en el mercado laboral.<\/p>\n<p>Se prev\u00e9 que el n\u00famero de beneficiarios de las becas sea de 750 personas, que obtendr\u00e1n una ayuda que les permitir\u00e1 una independencia econ\u00f3mica, con el fin de incentivar y asegurar la finalizaci\u00f3n de los cursos. En el caso de las mujeres v\u00edctimas de violencia machista, cuentan con tutoras espec\u00edficas durante el proceso, integradas en la Red de Tutoras del <strong>SOIB<\/strong>, iniciada el a\u00f1o pasado, y que act\u00faa de orientador laboral para este colectivo.<\/p>\n<p>Las partidas presupuestarias anuales, de 700.000 euros para el 2018 y 700.000 euros m\u00e1s para el 2019, provienen del confinanciamiento con fondo de la Conferencia Sectorial y fondos propios de la CAIB. El importe de la convocatoria es susceptible de ser aumentado en funci\u00f3n de las disponibilidades presupuestarias.<\/p>\n<p>Este programa complementa el programa <strong>SOIB JOVE &#8211; BECAS DE \u00c9XITO<\/strong>, presentado d\u00eda 31 de enero (dotado con 3 millones de euros y una previsi\u00f3n de 1.800 j\u00f3venes desocupados beneficiarios), incidiendo en la importancia de la formaci\u00f3n en todas las franjas de edad y ofreciendo un apoyo del <strong>SOIB<\/strong> con el fin de incentivas la finalizaci\u00f3n de los estudios.<\/p>\n<p>[\/et_pb_text][\/et_pb_column][\/et_pb_row][\/et_pb_section][et_pb_section fb_built=\u00bb1&#8243; background_color=\u00bb#df1f4f\u00bb disabled_on=\u00bbon|on|off\u00bb _builder_version=\u00bb3.0.82&#8243; custom_padding=\u00bb54px|0px|0px|0px\u00bb][et_pb_row custom_padding=\u00bb0px|0px|27px|0px\u00bb custom_css_main_2=\u00bbmargin-left: -20%;\u00bb custom_css_main_3=\u00bbmargin-left: 32px;\u00bb custom_css_main_4=\u00bbmargin-left: 100px;\u00bb _builder_version=\u00bb3.0.82&#8243;][et_pb_column type=\u00bb1_4&#8243; _builder_version=\u00bb3.0.82&#8243; parallax=\u00bboff\u00bb parallax_method=\u00bbon\u00bb][et_pb_blurb url=\u00bbhttps:\/\/twitter.com\/soibinfo?lang=es\u00bb use_icon=\u00bbon\u00bb font_icon=\u00bb%%292%%\u00bb icon_color=\u00bb#df1f4f\u00bb use_circle=\u00bbon\u00bb icon_placement=\u00bbleft\u00bb use_icon_font_size=\u00bbon\u00bb _builder_version=\u00bb3.0.82&#8243; animation=\u00bboff\u00bb][\/et_pb_blurb][\/et_pb_column][et_pb_column type=\u00bb1_4&#8243; _builder_version=\u00bb3.0.82&#8243; parallax=\u00bboff\u00bb parallax_method=\u00bbon\u00bb custom_css_main=\u00bbmargin-left: -20%;\u00bb][et_pb_blurb url=\u00bbhttps:\/\/www.facebook.com\/SOIBINFO\/\u00bb use_icon=\u00bbon\u00bb font_icon=\u00bb%%291%%\u00bb icon_color=\u00bb#df1f4f\u00bb use_circle=\u00bbon\u00bb icon_placement=\u00bbleft\u00bb _builder_version=\u00bb3.0.82&#8243; animation=\u00bboff\u00bb][\/et_pb_blurb][\/et_pb_column][et_pb_column type=\u00bb1_4&#8243; _builder_version=\u00bb3.0.82&#8243; parallax=\u00bboff\u00bb parallax_method=\u00bbon\u00bb custom_css_main=\u00bbmargin-left: 32px;\u00bb][et_pb_image src=\u00bbhttps:\/\/soib.es\/wp-content\/uploads\/2017\/10\/ue3.gif\u00bb _builder_version=\u00bb3.0.82&#8243; module_alignment=\u00bbleft\u00bb][\/et_pb_image][\/et_pb_column][et_pb_column type=\u00bb1_4&#8243; _builder_version=\u00bb3.0.82&#8243; parallax=\u00bboff\u00bb parallax_method=\u00bbon\u00bb custom_css_main=\u00bbmargin-left: 100px;\u00bb][et_pb_text _builder_version=\u00bb3.0.82&#8243; custom_css_main_element=\u00bbwidth: 150%;\u00bb]<\/p>\n<p style=\"color: #fff; text-align: right;\">Servicio de Ocupaci\u00f3n de las Islas Baleares (SOIB):<\/p>\n<p style=\"color: #fff; text-align: right;\">Cam\u00ed vell de Bunyola, 43, 1\u00ba &#8211; Edificio rotonda Asima<\/p>\n<p style=\"color: #fff; text-align: right;\">Pol\u00edgono de son Castell\u00f3 &#8211; 07009 Palma<\/p>\n<p style=\"color: #fff; text-align: right;\">Tel\u00e9fono <a style=\"color: #fff;\" href=\"tel:+34971784991\">971784991<\/a> &#8211; Fax 971784942<\/p>\n<p>[\/et_pb_text][\/et_pb_column][\/et_pb_row][\/et_pb_section][et_pb_section fb_built=\u00bb1&#8243; background_color=\u00bb#df1f4f\u00bb disabled_on=\u00bbon|off|on\u00bb _builder_version=\u00bb3.0.82&#8243; custom_padding=\u00bb20px|0px|0px|0px\u00bb][et_pb_row custom_padding=\u00bb0px|0px|27px|0px\u00bb custom_css_main_2=\u00bbmargin-left: -225px;\u00bb custom_css_main_3=\u00bbmargin-left: 32px;\u00bb custom_css_main_4=\u00bbmargin-left: 100px;\u00bb _builder_version=\u00bb3.0.82&#8243;][et_pb_column type=\u00bb4_4&#8243; _builder_version=\u00bb3.0.82&#8243; parallax=\u00bboff\u00bb parallax_method=\u00bbon\u00bb][et_pb_text _builder_version=\u00bb3.0.82&#8243; custom_css_main_element=\u00bbwidth: 150%;\u00bb]<\/p>\n<p style=\"color: #fff;\">Servicio de Ocupaci\u00f3n de las Islas Baleares (SOIB):<\/p>\n<p style=\"color: #fff;\">Cam\u00ed vell de Bunyola, 43, 1\u00ba &#8211; Edificio rotonda Asima<\/p>\n<p style=\"color: #fff;\">Pol\u00edgono de son Castell\u00f3 &#8211; 07009 Palma<\/p>\n<p style=\"color: #fff;\">Tel\u00e9fono <a style=\"color: #fff;\" href=\"tel:+34971784991\">971784991<\/a> &#8211; Fax 971784942<\/p>\n<p>[\/et_pb_text][et_pb_image src=\u00bbhttps:\/\/soib.es\/wp-content\/uploads\/2017\/10\/ue3.gif\u00bb _builder_version=\u00bb3.0.82&#8243; max_width=\u00bb50%\u00bb module_alignment=\u00bbcenter\u00bb][\/et_pb_image][et_pb_blurb url=\u00bbhttps:\/\/twitter.com\/soibinfo?lang=es\u00bb use_icon=\u00bbon\u00bb font_icon=\u00bb%%292%%\u00bb icon_color=\u00bb#df1f4f\u00bb use_circle=\u00bbon\u00bb icon_placement=\u00bbleft\u00bb use_icon_font_size=\u00bbon\u00bb _builder_version=\u00bb3.0.82&#8243; animation=\u00bboff\u00bb custom_css_main_element=\u00bbfloat: right;\u00bb][\/et_pb_blurb][et_pb_blurb url=\u00bbhttps:\/\/www.facebook.com\/SOIBINFO\/\u00bb use_icon=\u00bbon\u00bb font_icon=\u00bb%%291%%\u00bb icon_color=\u00bb#df1f4f\u00bb use_circle=\u00bbon\u00bb icon_placement=\u00bbleft\u00bb _builder_version=\u00bb3.0.82&#8243; animation=\u00bboff\u00bb][\/et_pb_blurb][\/et_pb_column][\/et_pb_row][\/et_pb_section][et_pb_section fb_built=\u00bb1&#8243; background_color=\u00bb#df1f4f\u00bb disabled_on=\u00bboff|on|on\u00bb _builder_version=\u00bb3.0.82&#8243;][et_pb_row custom_padding=\u00bb15px|0px|0px|0px\u00bb _builder_version=\u00bb3.0.82&#8243;][et_pb_column type=\u00bb4_4&#8243; _builder_version=\u00bb3.0.82&#8243; parallax=\u00bboff\u00bb parallax_method=\u00bbon\u00bb][et_pb_text _builder_version=\u00bb3.0.82&#8243;]<\/p>\n<p style=\"color: #fff;\">Servicio de Ocupaci\u00f3n de las Islas Baleares (SOIB):<\/p>\n<p style=\"color: #fff;\">Cam\u00ed Vell de Bunyola, 43, 1\u00aa &#8211; edificio rotonda Asima<\/p>\n<p style=\"color: #fff;\">Pol\u00edgono de son Castell\u00f3 &#8211; 07009 Palma<\/p>\n<p style=\"color: #fff;\">Tel\u00e9fono 971784991 &#8211; Fax 971784942<\/p>\n<p>[\/et_pb_text][\/et_pb_column][\/et_pb_row][et_pb_row custom_padding=\u00bb15px|0px|0px|0px\u00bb _builder_version=\u00bb3.0.82&#8243;][et_pb_column type=\u00bb4_4&#8243; _builder_version=\u00bb3.0.82&#8243; parallax=\u00bboff\u00bb parallax_method=\u00bbon\u00bb][et_pb_image src=\u00bbhttps:\/\/soib.es\/wp-content\/uploads\/2017\/10\/ue3.gif\u00bb _builder_version=\u00bb3.0.82&#8243; max_width=\u00bb50%\u00bb][\/et_pb_image][\/et_pb_column][\/et_pb_row][et_pb_row custom_padding=\u00bb0px|0px|0px|0px\u00bb _builder_version=\u00bb3.0.82&#8243;][et_pb_column type=\u00bb4_4&#8243; _builder_version=\u00bb3.0.82&#8243; parallax=\u00bboff\u00bb parallax_method=\u00bbon\u00bb][et_pb_blurb url=\u00bbhttps:\/\/www.facebook.com\/SOIBINFO\/\u00bb use_icon=\u00bbon\u00bb font_icon=\u00bb%%291%%\u00bb icon_color=\u00bb#df1f4f\u00bb use_circle=\u00bbon\u00bb icon_placement=\u00bbleft\u00bb _builder_version=\u00bb3.0.82&#8243; animation=\u00bboff\u00bb][\/et_pb_blurb][et_pb_blurb url=\u00bbhttps:\/\/twitter.com\/soibinfo?lang=es\u00bb use_icon=\u00bbon\u00bb font_icon=\u00bb%%292%%\u00bb icon_color=\u00bb#df1f4f\u00bb use_circle=\u00bbon\u00bb icon_placement=\u00bbleft\u00bb _builder_version=\u00bb3.0.82&#8243; animation=\u00bboff\u00bb][\/et_pb_blurb][\/et_pb_column][\/et_pb_row][\/et_pb_section]<\/p>\n","protected":false},"excerpt":{"rendered":"<p>Consejo de Gobierno: EL SOIB DISPONDR\u00c1 DE 1.400.000 EUROS EN BECAS FORMATIVAS PARA DESOCUPADOS DE LARGA DURACI\u00d3N MAYORES DE 30 A\u00d1OS Por primera vez, se crea una l\u00ednea para mujeres v\u00edctimas de violencia de g\u00e9nero y desocupadas para facilitarles el acceso a la formaci\u00f3n Con esta convocatoria, el SOIB prev\u00e9 que se podr\u00e1n beneficiar cerca [&hellip;]<\/p>\n","protected":false},"author":1,"featured_media":4396,"comment_status":"closed","ping_status":"closed","sticky":false,"template":"","format":"standard","meta":{"_et_pb_use_builder":"on","_et_pb_old_content":"","_et_gb_content_width":"","footnotes":"","_links_to":"","_links_to_target":""},"categories":[188],"tags":[],"class_list":["post-4408","post","type-post","status-publish","format-standard","has-post-thumbnail","hentry","category-noticias"],"publishpress_future_action":{"enabled":false,"date":"2026-05-06 02:06:57","action":"change-status","newStatus":"draft","terms":[],"taxonomy":"category","extraData":[]},"publishpress_future_workflow_manual_trigger":{"enabledWorkflows":[]},"_links":{"self":[{"href":"https:\/\/soib.es\/es\/wp-json\/wp\/v2\/posts\/4408","targetHints":{"allow":["GET"]}}],"collection":[{"href":"https:\/\/soib.es\/es\/wp-json\/wp\/v2\/posts"}],"about":[{"href":"https:\/\/soib.es\/es\/wp-json\/wp\/v2\/types\/post"}],"author":[{"embeddable":true,"href":"https:\/\/soib.es\/es\/wp-json\/wp\/v2\/users\/1"}],"replies":[{"embeddable":true,"href":"https:\/\/soib.es\/es\/wp-json\/wp\/v2\/comments?post=4408"}],"version-history":[{"count":0,"href":"https:\/\/soib.es\/es\/wp-json\/wp\/v2\/posts\/4408\/revisions"}],"wp:featuredmedia":[{"embeddable":true,"href":"https:\/\/soib.es\/es\/wp-json\/wp\/v2\/media\/4396"}],"wp:attachment":[{"href":"https:\/\/soib.es\/es\/wp-json\/wp\/v2\/media?parent=4408"}],"wp:term":[{"taxonomy":"category","embeddable":true,"href":"https:\/\/soib.es\/es\/wp-json\/wp\/v2\/categories?post=4408"},{"taxonomy":"post_tag","embeddable":true,"href":"https:\/\/soib.es\/es\/wp-json\/wp\/v2\/tags?post=4408"}],"curies":[{"name":"wp","href":"https:\/\/api.w.org\/{rel}","templated":true}]}}