{"id":43550,"date":"2023-04-21T13:58:34","date_gmt":"2023-04-21T11:58:34","guid":{"rendered":"https:\/\/soib.es\/participacio-soib-palma-international-boat-show-2023-activitats-sector-nautic\/"},"modified":"2023-07-05T11:18:31","modified_gmt":"2023-07-05T09:18:31","slug":"participacio-soib-palma-international-boat-show-2023-activitats-sector-nautic","status":"publish","type":"post","link":"https:\/\/soib.es\/es\/participacio-soib-palma-international-boat-show-2023-activitats-sector-nautic\/","title":{"rendered":"La organizaci\u00f3n del Palma International Boat Show 2023 informa de la participaci\u00f3n del SOIB con un amplio programa de actividades dirigidas a la formaci\u00f3n y la intermediaci\u00f3n profesional"},"content":{"rendered":"<p>El Servicio de Empleo de las Illes Balears, mediante la divisi\u00f3n de N\u00e1utica de la Oficina Sectorial de Hoteleria y Turismo, y los Centros Integrados de Formaci\u00f3n Profesional, CIPF Centro del Mar y CIPF L\u2019Embat, trabaja conjuntamente con las asociaciones Balearic Marine Cluster y Anen-Aenib para promocionar y mejorar la formaci\u00f3n y el empleo en el sector n\u00e1utico.<\/p>\n<p>El SOIB participa un a\u00f1o m\u00e1s en el Palma International Boat Show con un amplio programa de actividades que incluye la mesa redonda \u00abLos nuevos retos de la formaci\u00f3n profesional n\u00e1utica en las Illes Balears\u00bb, la presentaci\u00f3n por parte de Balearic Marine Cluster de las oportunidades en el mundo de la n\u00e1utica en la red del personal de orientaci\u00f3n POAP, y charlas informativas y visitas guiadas a los Servicios T\u00e9cnicos Portuarios (STP) y Astilleros de Mallorca, dirigidas al p\u00fablico general, para promocionar la formaci\u00f3n y el empleo en el sector.<\/p>\n<p>Adem\u00e1s, el SOIB cuenta con un estand informativo especialmente dedicado a la formaci\u00f3n, el empleo y la intermediaci\u00f3n laboral en el sector n\u00e1utico.<\/p>\n<p>Ante el creciente impulso de la econom\u00eda azul, que reconoce la importancia de los mares y los oc\u00e9anos como motores de la econom\u00eda por su gran potencial para la innovaci\u00f3n y el crecimiento, el SOIB proporciona formaci\u00f3n sectorial especializada tanto a personas empleadas como desempleadas:<\/p>\n<ul>\n<li>Acciones formativas para obtener certificados de profesionalidad de diferentes especialidades n\u00e1uticas (Mar\u00edtimo-pesquero [MAP] y Transporte y mantenimiento de veh\u00edculos [TMV])<\/li>\n<li>Programa SOIB DUAL Sectores Estrat\u00e9gicos<\/li>\n<li>Programa SOIB Compromiso de Contrataci\u00f3n<\/li>\n<\/ul>\n<p>Las personas interesadas en esta formaci\u00f3n pueden consultarla con el buscador de cursos del web www.soib.es y en los destacados del web, donde se publican las acciones formativas de Dual y Compromiso de Contrataci\u00f3n, una f\u00f3rmula atractiva que permite trabajar y formarse a la vez. Tambi\u00e9n pueden consultar los cursos de los CIPF, Centro del Mar en Menorca (www.centredelamar.com) y L\u2019Embat (www.cifplembat.com).<\/p>\n<p>PROGRAMA DE ACTOS DEL SOIB:<\/p>\n<p>Jornada para dar a conocer al personal de orientaci\u00f3n de los POAP el mundo de la n\u00e1utica y las oportunidades laborales que el sector puede ofrecer a los j\u00f3venes de las Balears<br \/>\nFecha: d\u00eda 27 de abril, entre las 9.30 h y las 14 h<br \/>\nLugar: Autoridad Portuaria, Moll Vell, 3, puerto de Palma<\/p>\n<p>Mesa redonda \u00abLos nuevos retos de la formaci\u00f3n profesional n\u00e1utica en las Illes Balears\u00bb, con la presencia de Lloren\u00e7 Pou Garcias, director general de Modelo Econ\u00f3mico y Empleo; Jos\u00e9 Lu\u00eds Sastre Gard\u00e9s, miembro del Consejo de Administraci\u00f3n de Balearic Marine Cluster y CEO de Sasga Yachts; Margarita Dahlberg Coll, CEO Dahlberg, SA y miembro de la junta directiva AENIB; Miquel Mestre, director del CIFP L\u2019Embat, y Carlos Garcia Petrus, director del CIPF Centro del Mar \u2013 Centre de Referencia Nacional de N\u00e1utica.<br \/>\nFecha: 28 de abril, de 11.15 h a 12.00 h<br \/>\nLugar: Autoridad Portuaria, Moll Vell, 3, puerto de Palma<\/p>\n<p>Charlas informativas \u00abConoce las oportunidades que ofrece el sector n\u00e1utico\u00bb y visitas guiadas a los Servicios T\u00e9cnicos Portuarios (STP) y Astilleros de Mallorca.<br \/>\nCon el objetivo de presentar las oportunidades de formaci\u00f3n y empleo que ofrece la n\u00e1utica a las personas interesadas en trabajar en este \u00e1mbito.<br \/>\nFechas: 27 y 28 de abril de 2022<br \/>\nLugar: Autoridad Portuaria, Moll Vell, 3, puerto de Palma<\/p>\n<p>M\u00e1s informaci\u00f3n e inscripciones: <a href=\"https:\/\/soib.es\/es\/xerrada-informativa-i-visita-sector-nautic\/\" target=\"_blank\" rel=\"noopener\"><span style=\"color: #cb023e;\">https:\/\/soib.es\/es\/xerrada-informativa-i-visita-sector-nautic\/<\/span><\/a><\/p>\n","protected":false},"excerpt":{"rendered":"<p>El Servicio de Empleo de las Illes Balears, mediante la divisi\u00f3n de N\u00e1utica de la Oficina Sectorial de Hoteleria y Turismo, y los Centros Integrados de Formaci\u00f3n Profesional, CIPF Centro del Mar y CIPF L\u2019Embat, trabaja conjuntamente con las asociaciones Balearic Marine Cluster y Anen-Aenib para promocionar y mejorar la formaci\u00f3n y el empleo en [&hellip;]<\/p>\n","protected":false},"author":13,"featured_media":43548,"comment_status":"closed","ping_status":"closed","sticky":false,"template":"","format":"standard","meta":{"_et_pb_use_builder":"","_et_pb_old_content":"","_et_gb_content_width":"","footnotes":"","_links_to":"","_links_to_target":""},"categories":[188,191,186,219],"tags":[],"class_list":["post-43550","post","type-post","status-publish","format-standard","has-post-thumbnail","hentry","category-noticias","category-noticies-es","category-soib-empresas","category-soib-empresas-es"],"publishpress_future_action":{"enabled":false,"date":"2026-05-06 14:24:24","action":"change-status","newStatus":"draft","terms":[],"taxonomy":"category","extraData":[]},"publishpress_future_workflow_manual_trigger":{"enabledWorkflows":[]},"_links":{"self":[{"href":"https:\/\/soib.es\/es\/wp-json\/wp\/v2\/posts\/43550","targetHints":{"allow":["GET"]}}],"collection":[{"href":"https:\/\/soib.es\/es\/wp-json\/wp\/v2\/posts"}],"about":[{"href":"https:\/\/soib.es\/es\/wp-json\/wp\/v2\/types\/post"}],"author":[{"embeddable":true,"href":"https:\/\/soib.es\/es\/wp-json\/wp\/v2\/users\/13"}],"replies":[{"embeddable":true,"href":"https:\/\/soib.es\/es\/wp-json\/wp\/v2\/comments?post=43550"}],"version-history":[{"count":0,"href":"https:\/\/soib.es\/es\/wp-json\/wp\/v2\/posts\/43550\/revisions"}],"wp:featuredmedia":[{"embeddable":true,"href":"https:\/\/soib.es\/es\/wp-json\/wp\/v2\/media\/43548"}],"wp:attachment":[{"href":"https:\/\/soib.es\/es\/wp-json\/wp\/v2\/media?parent=43550"}],"wp:term":[{"taxonomy":"category","embeddable":true,"href":"https:\/\/soib.es\/es\/wp-json\/wp\/v2\/categories?post=43550"},{"taxonomy":"post_tag","embeddable":true,"href":"https:\/\/soib.es\/es\/wp-json\/wp\/v2\/tags?post=43550"}],"curies":[{"name":"wp","href":"https:\/\/api.w.org\/{rel}","templated":true}]}}