{"id":4257,"date":"2018-02-15T13:00:33","date_gmt":"2018-02-15T12:00:33","guid":{"rendered":"https:\/\/soib.es\/treballadors-del-soib-visibles-formen-part-de-lequip-de-restauracio-de-les-torres-de-defensa-costaneres-del-consell-de-mallorca\/"},"modified":"2018-02-15T14:21:57","modified_gmt":"2018-02-15T13:21:57","slug":"trabajadores-del-soib-visibles-forman-parte-del-equipo-de-restauracion-de-las-torres-de-defensa-costeras-del-consell-de-mallorca","status":"publish","type":"post","link":"https:\/\/soib.es\/es\/trabajadores-del-soib-visibles-forman-parte-del-equipo-de-restauracion-de-las-torres-de-defensa-costeras-del-consell-de-mallorca\/","title":{"rendered":"Trabajadores del SOIB VISIBLES forman parte del equipo de restauracio\u0301n de las torres de defensa costeras del Consell de Mallorca"},"content":{"rendered":"<p>[et_pb_section fb_built=\u00bb1&#8243; background_color=\u00bb#f7f7f7&#8243; _builder_version=\u00bb3.0.99&#8243; custom_padding=\u00bb25px|0px|25px|0px\u00bb][et_pb_row _builder_version=\u00bb3.0.99&#8243;][et_pb_column type=\u00bb4_4&#8243; _builder_version=\u00bb3.0.99&#8243; parallax=\u00bboff\u00bb parallax_method=\u00bbon\u00bb][et_pb_text _builder_version=\u00bb3.0.99&#8243;]<\/p>\n<div class=\"page\" title=\"Page 1\">\n<div class=\"section\">\n<div class=\"layoutArea\">\n<div class=\"column\">\n<div class=\"page\" title=\"Page 1\">\n<div class=\"section\">\n<div class=\"layoutArea\">\n<div class=\"column\">\n<h1><span><strong>Trabajadores del SOIB VISIBLES forman parte del equipo de restauracio\u0301n de las torres de defensa costeras del Consell de Mallorca<\/strong> <\/span><\/h1>\n<\/div>\n<\/div>\n<\/div>\n<\/div>\n<\/div>\n<\/div>\n<\/div>\n<\/div>\n<p>[\/et_pb_text][\/et_pb_column][\/et_pb_row][\/et_pb_section][et_pb_section fb_built=\u00bb1&#8243; _builder_version=\u00bb3.0.47&#8243; custom_padding=\u00bb25px|0px|54px|0px\u00bb][et_pb_row _builder_version=\u00bb3.0.99&#8243;][et_pb_column type=\u00bb4_4&#8243; _builder_version=\u00bb3.0.99&#8243; parallax=\u00bboff\u00bb parallax_method=\u00bbon\u00bb][et_pb_image src=\u00bbhttps:\/\/soib.es\/wp-content\/uploads\/2018\/02\/visita-cala-pi.png\u00bb alt=\u00bbSOIB Visibles Palma\u00bb title_text=\u00bbSOIB Visibles Palma\u00bb align=\u00bbcenter\u00bb _builder_version=\u00bb3.0.99&#8243;][\/et_pb_image][et_pb_text _builder_version=\u00bb3.0.99&#8243;]<\/p>\n<p>El vicepresidente primero y consejero de Cultura, Patrimonio y Deportes, Francesc Miralles; la directora insular de Patrimonio, Kika Coll; el primer teniente de alcalde del Ayuntamiento de Llucmajor, Jaume Tom\u00e0s, el director del SOIB, Pere Torrens; el secretario t\u00e9cnico del Departamento de Cultura y Patrimonio del Consejo, Francesc Ramis; y el arquitecto del Servicio de Patrimonio del Consell, Carles Moranta, han visitado la torre de Cala Pi, en Llucmajor. Se trata de la primera de las cuatro torres que forman parte del programa de restauraci\u00f3n de las torres del sistema costero de defensa de Mallorca.<\/p>\n<p>Los integrantes de la brigada de Patrimonio, que trabajan en esta edificaci\u00f3n, est\u00e1 formada por trabajadores procedentes del programa SOIB VISIBLES que tiene como objetivo mejorar la empleabilidad de las personas trabajadoras desocupadas de m\u00e1s edad. En total este proyecto de recuperaci\u00f3n del patrimonio cultural de Mallorca permite que trabajen 27 personas (6 oficiales 1\u00aa de alba\u00f1il, 6 oficiales 2\u00aa alba\u00f1il, 5 peones alba\u00f1iles, 2 peones maderos, 2 peones herreros, 1 arquitecto, 1 arquitecto t\u00e9cnico, 4 maestros de obra).<\/p>\n<p>Ubicada en la punta de Cala Pi, en el t\u00e9rmino municipal de Llucmajor, la torre de Cala Pi es una construcci\u00f3n de final del siglo XV y principio del siglo XVI, que en general se encuentra en buen estado de conservaci\u00f3n. La edificaci\u00f3n necesita reparaciones en el pavimento y en el z\u00f3calo de la cubierta, una intervenci\u00f3n en el alf\u00e9izar de la escalera de acceso, la recuperaci\u00f3n del revestimiento de las paredes de la c\u00e1mara inferior, y tambi\u00e9n sellar las grietas de la fachada y colocar piedras en algunos puntos del muro exterior, que presenta vac\u00edos. Este es el diagn\u00f3stico que hace que el Proyecto de Acondicionamiento de la Torre de Cala Pi, que ha elaborado estos \u00faltimos meses un equipo multidisciplinar del Servicio de Patrimonio del Consejo de Mallorca &#8211; una historiadora del arte, una arque\u00f3loga, una restauradora, adem\u00e1s del equipo de direcci\u00f3n de la obra, formado por dos arquitectos y un arquitecto t\u00e9cnico.<\/p>\n<p>Una vez analizado el estado actual, ahora toca ejecutar las obras de mejora. Por eso miembros de la brigada de Patrimonio del Consejo, con el refuerzo de personal que proviene del programa SOIB Visibles, instalan estos d\u00edas los andamios para iniciar las obras, limpian y recogen piedras del entorno que servir\u00e1n para llenar los vac\u00edos existentes en la estructura. El objetivo es garantizar la conservaci\u00f3n del monumento y evitar que el agua estropee la estructura y penetre a trav\u00e9s de la cubierta y algunas de las dificiencias que hay en los muros.<\/p>\n<p>Despu\u00e9s de esta edificaci\u00f3n, las restauraciones se extender\u00e1n a la torre Major de Alc\u00fadia, la torre des Verger, en Banyalbufar, y la torre de Sa Mola, en Andratx.<\/p>\n<p>[\/et_pb_text][\/et_pb_column][\/et_pb_row][\/et_pb_section][et_pb_section fb_built=\u00bb1&#8243; background_color=\u00bb#df1f4f\u00bb disabled_on=\u00bbon|on|off\u00bb _builder_version=\u00bb3.0.82&#8243; custom_padding=\u00bb54px|0px|0px|0px\u00bb][et_pb_row custom_padding=\u00bb0px|0px|27px|0px\u00bb custom_css_main_2=\u00bbmargin-left: -20%;\u00bb custom_css_main_3=\u00bbmargin-left: 32px;\u00bb custom_css_main_4=\u00bbmargin-left: 100px;\u00bb _builder_version=\u00bb3.0.82&#8243;][et_pb_column type=\u00bb1_4&#8243; _builder_version=\u00bb3.0.82&#8243; parallax=\u00bboff\u00bb parallax_method=\u00bbon\u00bb][et_pb_blurb url=\u00bbhttps:\/\/twitter.com\/soibinfo?lang=es\u00bb use_icon=\u00bbon\u00bb font_icon=\u00bb%%292%%\u00bb icon_color=\u00bb#df1f4f\u00bb use_circle=\u00bbon\u00bb icon_placement=\u00bbleft\u00bb use_icon_font_size=\u00bbon\u00bb _builder_version=\u00bb3.0.82&#8243; animation=\u00bboff\u00bb][\/et_pb_blurb][\/et_pb_column][et_pb_column type=\u00bb1_4&#8243; _builder_version=\u00bb3.0.82&#8243; parallax=\u00bboff\u00bb parallax_method=\u00bbon\u00bb custom_css_main=\u00bbmargin-left: -20%;\u00bb][et_pb_blurb url=\u00bbhttps:\/\/www.facebook.com\/SOIBINFO\/\u00bb use_icon=\u00bbon\u00bb font_icon=\u00bb%%291%%\u00bb icon_color=\u00bb#df1f4f\u00bb use_circle=\u00bbon\u00bb icon_placement=\u00bbleft\u00bb _builder_version=\u00bb3.0.82&#8243; animation=\u00bboff\u00bb][\/et_pb_blurb][\/et_pb_column][et_pb_column type=\u00bb1_4&#8243; _builder_version=\u00bb3.0.82&#8243; parallax=\u00bboff\u00bb parallax_method=\u00bbon\u00bb custom_css_main=\u00bbmargin-left: 32px;\u00bb][et_pb_image src=\u00bbhttps:\/\/soib.es\/wp-content\/uploads\/2017\/10\/ue3.gif\u00bb _builder_version=\u00bb3.0.82&#8243; module_alignment=\u00bbleft\u00bb][\/et_pb_image][\/et_pb_column][et_pb_column type=\u00bb1_4&#8243; _builder_version=\u00bb3.0.82&#8243; parallax=\u00bboff\u00bb parallax_method=\u00bbon\u00bb custom_css_main=\u00bbmargin-left: 100px;\u00bb][et_pb_text _builder_version=\u00bb3.0.82&#8243; custom_css_main_element=\u00bbwidth: 150%;\u00bb]<\/p>\n<p style=\"color: #fff; text-align: right;\">Servicio de Ocupaci\u00f3n de las Islas Baleares (SOIB):<\/p>\n<p style=\"color: #fff; text-align: right;\">Cam\u00ed vell de Bunyola, 43, 1\u00ba &#8211; Edificio rotonda Asima<\/p>\n<p style=\"color: #fff; text-align: right;\">Pol\u00edgono de son Castell\u00f3 &#8211; 07009 Palma<\/p>\n<p style=\"color: #fff; text-align: right;\">Tel\u00e9fono <a style=\"color: #fff;\" href=\"tel:+34971784991\">971784991<\/a> &#8211; Fax 971784942<\/p>\n<p>[\/et_pb_text][\/et_pb_column][\/et_pb_row][\/et_pb_section][et_pb_section fb_built=\u00bb1&#8243; background_color=\u00bb#df1f4f\u00bb disabled_on=\u00bbon|off|on\u00bb _builder_version=\u00bb3.0.82&#8243; custom_padding=\u00bb20px|0px|0px|0px\u00bb][et_pb_row custom_padding=\u00bb0px|0px|27px|0px\u00bb custom_css_main_2=\u00bbmargin-left: -225px;\u00bb custom_css_main_3=\u00bbmargin-left: 32px;\u00bb custom_css_main_4=\u00bbmargin-left: 100px;\u00bb _builder_version=\u00bb3.0.82&#8243;][et_pb_column type=\u00bb4_4&#8243; _builder_version=\u00bb3.0.82&#8243; parallax=\u00bboff\u00bb parallax_method=\u00bbon\u00bb][et_pb_text _builder_version=\u00bb3.0.82&#8243; custom_css_main_element=\u00bbwidth: 150%;\u00bb]<\/p>\n<p style=\"color: #fff;\">Servicio de Ocupaci\u00f3n de las Islas Baleares (SOIB):<\/p>\n<p style=\"color: #fff;\">Cam\u00ed vell de Bunyola, 43, 1\u00ba &#8211; Edificio rotonda Asima<\/p>\n<p style=\"color: #fff;\">Pol\u00edgono de son Castell\u00f3 &#8211; 07009 Palma<\/p>\n<p style=\"color: #fff;\">Tel\u00e9fono <a style=\"color: #fff;\" href=\"tel:+34971784991\">971784991<\/a> &#8211; Fax 971784942<\/p>\n<p>[\/et_pb_text][et_pb_image src=\u00bbhttps:\/\/soib.es\/wp-content\/uploads\/2017\/10\/ue3.gif\u00bb _builder_version=\u00bb3.0.82&#8243; max_width=\u00bb50%\u00bb module_alignment=\u00bbcenter\u00bb][\/et_pb_image][et_pb_blurb url=\u00bbhttps:\/\/twitter.com\/soibinfo?lang=es\u00bb use_icon=\u00bbon\u00bb font_icon=\u00bb%%292%%\u00bb icon_color=\u00bb#df1f4f\u00bb use_circle=\u00bbon\u00bb icon_placement=\u00bbleft\u00bb use_icon_font_size=\u00bbon\u00bb _builder_version=\u00bb3.0.82&#8243; animation=\u00bboff\u00bb custom_css_main_element=\u00bbfloat: right;\u00bb][\/et_pb_blurb][et_pb_blurb url=\u00bbhttps:\/\/www.facebook.com\/SOIBINFO\/\u00bb use_icon=\u00bbon\u00bb font_icon=\u00bb%%291%%\u00bb icon_color=\u00bb#df1f4f\u00bb use_circle=\u00bbon\u00bb icon_placement=\u00bbleft\u00bb _builder_version=\u00bb3.0.82&#8243; animation=\u00bboff\u00bb][\/et_pb_blurb][\/et_pb_column][\/et_pb_row][\/et_pb_section][et_pb_section fb_built=\u00bb1&#8243; background_color=\u00bb#df1f4f\u00bb disabled_on=\u00bboff|on|on\u00bb _builder_version=\u00bb3.0.82&#8243;][et_pb_row custom_padding=\u00bb15px|0px|0px|0px\u00bb _builder_version=\u00bb3.0.82&#8243;][et_pb_column type=\u00bb4_4&#8243; _builder_version=\u00bb3.0.82&#8243; parallax=\u00bboff\u00bb parallax_method=\u00bbon\u00bb][et_pb_text _builder_version=\u00bb3.0.82&#8243;]<\/p>\n<p style=\"color: #fff;\">Servicio de Ocupaci\u00f3n de las Islas Baleares (SOIB):<\/p>\n<p style=\"color: #fff;\">Cam\u00ed Vell de Bunyola, 43, 1\u00aa &#8211; edificio rotonda Asima<\/p>\n<p style=\"color: #fff;\">Pol\u00edgono de son Castell\u00f3 &#8211; 07009 Palma<\/p>\n<p style=\"color: #fff;\">Tel\u00e9fono 971784991 &#8211; Fax 971784942<\/p>\n<p>[\/et_pb_text][\/et_pb_column][\/et_pb_row][et_pb_row custom_padding=\u00bb15px|0px|0px|0px\u00bb _builder_version=\u00bb3.0.82&#8243;][et_pb_column type=\u00bb4_4&#8243; _builder_version=\u00bb3.0.82&#8243; parallax=\u00bboff\u00bb parallax_method=\u00bbon\u00bb][et_pb_image src=\u00bbhttps:\/\/soib.es\/wp-content\/uploads\/2017\/10\/ue3.gif\u00bb _builder_version=\u00bb3.0.82&#8243; max_width=\u00bb50%\u00bb][\/et_pb_image][\/et_pb_column][\/et_pb_row][et_pb_row custom_padding=\u00bb0px|0px|0px|0px\u00bb _builder_version=\u00bb3.0.82&#8243;][et_pb_column type=\u00bb4_4&#8243; _builder_version=\u00bb3.0.82&#8243; parallax=\u00bboff\u00bb parallax_method=\u00bbon\u00bb][et_pb_blurb url=\u00bbhttps:\/\/www.facebook.com\/SOIBINFO\/\u00bb use_icon=\u00bbon\u00bb font_icon=\u00bb%%291%%\u00bb icon_color=\u00bb#df1f4f\u00bb use_circle=\u00bbon\u00bb icon_placement=\u00bbleft\u00bb _builder_version=\u00bb3.0.82&#8243; animation=\u00bboff\u00bb][\/et_pb_blurb][et_pb_blurb url=\u00bbhttps:\/\/twitter.com\/soibinfo?lang=es\u00bb use_icon=\u00bbon\u00bb font_icon=\u00bb%%292%%\u00bb icon_color=\u00bb#df1f4f\u00bb use_circle=\u00bbon\u00bb icon_placement=\u00bbleft\u00bb _builder_version=\u00bb3.0.82&#8243; animation=\u00bboff\u00bb][\/et_pb_blurb][\/et_pb_column][\/et_pb_row][\/et_pb_section]<\/p>\n","protected":false},"excerpt":{"rendered":"<p>Trabajadores del SOIB VISIBLES forman parte del equipo de restauracio\u0301n de las torres de defensa costeras del Consell de Mallorca El vicepresidente primero y consejero de Cultura, Patrimonio y Deportes, Francesc Miralles; la directora insular de Patrimonio, Kika Coll; el primer teniente de alcalde del Ayuntamiento de Llucmajor, Jaume Tom\u00e0s, el director del SOIB, Pere [&hellip;]<\/p>\n","protected":false},"author":1,"featured_media":4249,"comment_status":"closed","ping_status":"closed","sticky":false,"template":"","format":"standard","meta":{"_et_pb_use_builder":"on","_et_pb_old_content":"","_et_gb_content_width":"","footnotes":"","_links_to":"","_links_to_target":""},"categories":[188],"tags":[],"class_list":["post-4257","post","type-post","status-publish","format-standard","has-post-thumbnail","hentry","category-noticias"],"publishpress_future_action":{"enabled":false,"date":"2026-05-06 03:44:19","action":"change-status","newStatus":"draft","terms":[],"taxonomy":"category","extraData":[]},"publishpress_future_workflow_manual_trigger":{"enabledWorkflows":[]},"_links":{"self":[{"href":"https:\/\/soib.es\/es\/wp-json\/wp\/v2\/posts\/4257","targetHints":{"allow":["GET"]}}],"collection":[{"href":"https:\/\/soib.es\/es\/wp-json\/wp\/v2\/posts"}],"about":[{"href":"https:\/\/soib.es\/es\/wp-json\/wp\/v2\/types\/post"}],"author":[{"embeddable":true,"href":"https:\/\/soib.es\/es\/wp-json\/wp\/v2\/users\/1"}],"replies":[{"embeddable":true,"href":"https:\/\/soib.es\/es\/wp-json\/wp\/v2\/comments?post=4257"}],"version-history":[{"count":0,"href":"https:\/\/soib.es\/es\/wp-json\/wp\/v2\/posts\/4257\/revisions"}],"wp:featuredmedia":[{"embeddable":true,"href":"https:\/\/soib.es\/es\/wp-json\/wp\/v2\/media\/4249"}],"wp:attachment":[{"href":"https:\/\/soib.es\/es\/wp-json\/wp\/v2\/media?parent=4257"}],"wp:term":[{"taxonomy":"category","embeddable":true,"href":"https:\/\/soib.es\/es\/wp-json\/wp\/v2\/categories?post=4257"},{"taxonomy":"post_tag","embeddable":true,"href":"https:\/\/soib.es\/es\/wp-json\/wp\/v2\/tags?post=4257"}],"curies":[{"name":"wp","href":"https:\/\/api.w.org\/{rel}","templated":true}]}}