{"id":39897,"date":"2025-01-14T00:00:57","date_gmt":"2025-01-13T23:00:57","guid":{"rendered":"https:\/\/soib.es\/cursos-sectors-estrategics-pla-recuperacio-transformacio-resiliencia-financat-ue-next-generation-eu\/"},"modified":"2025-05-21T09:28:01","modified_gmt":"2025-05-21T07:28:01","slug":"cursos-sectors-estrategics-pla-recuperacio-transformacio-resiliencia-financat-ue-next-generation-eu","status":"publish","type":"post","link":"https:\/\/soib.es\/es\/cursos-sectors-estrategics-pla-recuperacio-transformacio-resiliencia-financat-ue-next-generation-eu\/","title":{"rendered":"\u00bfQuieres cualificarte o recualificarte en sectores estrat\u00e9gicos? Te ofrecemos cursos en el marco del Plan de Recuperaci\u00f3n, Transformaci\u00f3n y Resiliencia (Uni\u00f3n Europea-Next Generation EU)"},"content":{"rendered":"<p>[et_pb_section fb_built=\u00bb1&#8243; admin_label=\u00bbsection\u00bb _builder_version=\u00bb4.16&#8243; global_colors_info=\u00bb{}\u00bb][et_pb_row _builder_version=\u00bb4.16&#8243; background_size=\u00bbinitial\u00bb background_position=\u00bbtop_left\u00bb background_repeat=\u00bbrepeat\u00bb locked=\u00bboff\u00bb global_colors_info=\u00bb{}\u00bb][et_pb_column type=\u00bb4_4&#8243; _builder_version=\u00bb4.16&#8243; custom_padding=\u00bb|||\u00bb global_colors_info=\u00bb{}\u00bb custom_padding__hover=\u00bb|||\u00bb][et_pb_text _builder_version=\u00bb4.16&#8243; background_size=\u00bbinitial\u00bb background_position=\u00bbtop_left\u00bb background_repeat=\u00bbrepeat\u00bb global_colors_info=\u00bb{}\u00bb]El IQPIB y el SOIB organizan acciones formativas de cualificaci\u00f3n y recalificaci\u00f3n tanto para personas ocupadas como desempleadas, vinculadas a cualificaciones profesionales incluidas en el Cat\u00e1logo Nacional de Cualificaciones Profesionales, en sectores estrat\u00e9gicos, en el marco del Plan de Recuperaci\u00f3n, Transformaci\u00f3n y Resiliencia financiado por la Uni\u00f3n Europea \u2013 Next Generation EU.<\/p>\n<h5><strong>Requisitos de las personas participantes:<\/strong><\/h5>\n<p>Estos cursos se dirigen a toda la <strong>poblaci\u00f3n en edad laboral<\/strong>. Los requisitos de acceso para cada acci\u00f3n formativa se detallar\u00e1n en los programas formativos de cada una, donde tambi\u00e9n se estipular\u00e1 si a la hora de seleccionar al alumnado se priorizar\u00e1 alg\u00fan colectivo concreto.<\/p>\n<p><strong>Criterios generales de selecci\u00f3n de alumnado:<\/strong><br \/>\n1\u00ba) Personas que cumplan los requisitos del programa formativo para la acci\u00f3n formativa concreta.<br \/>\n2\u00ba) Colectivo prioritario, si fuera el caso de que se haya definido alguno para la acci\u00f3n formativa concreta.<br \/>\n3\u00ba) Orden de inscripci\u00f3n.<\/p>\n<p>&nbsp;<\/p>\n<h5><strong>Caracter\u00edsticas de los cursos:<\/strong><\/h5>\n<ul>\n<li>La duraci\u00f3n de los cursos ser\u00e1 de entre 30 y 60 horas.<\/li>\n<li>Es una formaci\u00f3n no formal.<\/li>\n<li>Es una formaci\u00f3n referenciada en sus contenidos formativos a una Unidad o Unidades de Competencia de las Cualificaciones Profesionales incluidas en el Cat\u00e1logo Nacional de Cualificaciones Profesionales.<\/li>\n<li> Las acciones formativas podr\u00e1n ser impartidas en modalidad presencial, semipresencial o a distancia. La modalidad en que se impartir\u00e1 cada acci\u00f3n formativa vender\u00e1 especificada en cada curso.<\/li>\n<\/ul>\n<p>[\/et_pb_text][et_pb_accordion open_toggle_text_color=\u00bb#878686&#8243; closed_toggle_text_color=\u00bb#cb023e\u00bb icon_color=\u00bb#cb023e\u00bb _builder_version=\u00bb4.27.4&#8243; _module_preset=\u00bbdefault\u00bb toggle_text_color=\u00bbrgba(0,0,0,0)\u00bb toggle_font=\u00bb|700|||||||\u00bb closed_toggle_font=\u00bb|700|||||||\u00bb hover_enabled=\u00bb0&#8243; db_closeable=\u00bbon\u00bb db_initial_state=\u00bball_closed\u00bb global_colors_info=\u00bb{}\u00bb sticky_enabled=\u00bb0&#8243;][et_pb_accordion_item title=\u00bb\u00bfQu\u00e9 cursos se pueden hacer? EDICI\u00d3N ACTUAL CERRADA\u00bb open=\u00bbon\u00bb _builder_version=\u00bb4.27.4&#8243; _module_preset=\u00bbdefault\u00bb hover_enabled=\u00bb0&#8243; global_colors_info=\u00bb{}\u00bb sticky_enabled=\u00bb0&#8243;]<\/p>\n<p>Para consultar los cursos disponibles, d\u00f3nde se imparten y preinscribirte:<\/p>\n<p><strong>WEB SOIB<\/strong><br \/>1. Accede al <a href='https:\/\/soib.es\/es\/cerca-formacio\/' class='small-button smallsilver' target=\"_blank\"><span style=\"color: #cb023e;\">buscador de cursos del SOIB<\/span><\/a><br \/>2. En \u201cOpciones avanzadas\u00bb (\u00e1mbito geogr\u00e1fico) en \u00abCentro\u201d escoge \u201cIQPIB\u201d\u00bb y pulsa \u00abBuscar\u00bb<br \/>3. Haz clic sobre el curso o los cursos que te interesen para que se abra la informaci\u00f3n completa y preinscribirte.<\/p>\n<p><strong>WEB FORMACI\u00d3 IB<\/strong><br \/>Des de la p\u00e0gina <a href='https:\/\/formacioib.com\/' class='small-button smallsilver' target=\"_blank\">Operacions amb tecnologia digital<\/a><br \/>Formaci\u00f3 per a la consolidaci\u00f3 i millora de les habilitats digitals per a la societat en general i per al m\u00f3n laboral en particular.<\/p>\n<p>Puedes acceder a la informaci\u00f3n de todos los cursos programados y sol\u00b7licitar nuevos cursos <a href='https:\/\/www.caib.es\/sites\/iqpib\/es\/reskilling_i_upskilling\/' class='small-button smallsilver' target=\"_blank\"><span style=\"color: #cb023e;\">aqu\u00ed<\/span><\/a><\/p>\n<p>[\/et_pb_accordion_item][et_pb_accordion_item title=\u00bb \u00bfNecesitas m\u00e1s informaci\u00f3n?\u00bb _builder_version=\u00bb4.23.1&#8243; _module_preset=\u00bbdefault\u00bb global_colors_info=\u00bb{}\u00bb open=\u00bboff\u00bb]<\/p>\n<p>Las personas que quieran ampliar la informaci\u00f3n de los cursos se pueden poner en contacto con el <a href=\"https:\/\/docs.google.com\/forms\/d\/e\/1FAIpQLScy7iQk6mEqoMX9-M2UeGMotUCOCRzTuHxdvmBYKAKRBgkTOQ\/viewform\" target=\"_blank\" rel=\"noopener\"><strong>POAP (punto de orientaci\u00f3n acad\u00e9mica y profesional)<\/strong><\/a><\/p>\n<p>[\/et_pb_accordion_item][et_pb_accordion_item title=\u00bb\u00bfQuieres saber tus derechos y obligaciones como alumnado?\u00bb _builder_version=\u00bb4.16&#8243; _module_preset=\u00bbdefault\u00bb global_colors_info=\u00bb{}\u00bb open=\u00bboff\u00bb]<\/p>\n<p>Consulta el <span style=\"color: #cb023e;\"><a style=\"color: #cb023e;\" href=\"https:\/\/soib.es\/wp-content\/uploads\/2022\/12\/Documento-informativo-alumnado-30-11-22-cas.pdf\" target=\"_blank\" rel=\"noopener\"><strong>documento informativo<\/strong><\/a><\/span> sobre las obligaciones y los derechos del alumnado de los cursos del SOIB.<\/p>\n<p>[\/et_pb_accordion_item][\/et_pb_accordion][\/et_pb_column][\/et_pb_row][\/et_pb_section]<\/p>\n","protected":false},"excerpt":{"rendered":"<p>El IQPIB y el SOIB organizan acciones formativas de cualificaci\u00f3n y recalificaci\u00f3n tanto para personas ocupadas como desempleadas, vinculadas a cualificaciones profesionales incluidas en el Cat\u00e1logo Nacional de Cualificaciones Profesionales, en sectores estrat\u00e9gicos, en el marco del Plan de Recuperaci\u00f3n, Transformaci\u00f3n y Resiliencia financiado por la Uni\u00f3n Europea \u2013 Next Generation EU. Requisitos de las [&hellip;]<\/p>\n","protected":false},"author":13,"featured_media":54646,"comment_status":"closed","ping_status":"closed","sticky":false,"template":"","format":"standard","meta":{"_et_pb_use_builder":"on","_et_pb_old_content":"","_et_gb_content_width":"","footnotes":"","_links_to":"","_links_to_target":""},"categories":[247,7],"tags":[],"class_list":["post-39897","post","type-post","status-publish","format-standard","has-post-thumbnail","hentry","category-formacion","category-sin-categorizar"],"publishpress_future_action":{"enabled":false,"date":"2026-05-02 12:12:17","action":"change-status","newStatus":"draft","terms":[],"taxonomy":"category","extraData":[]},"publishpress_future_workflow_manual_trigger":{"enabledWorkflows":[]},"_links":{"self":[{"href":"https:\/\/soib.es\/es\/wp-json\/wp\/v2\/posts\/39897","targetHints":{"allow":["GET"]}}],"collection":[{"href":"https:\/\/soib.es\/es\/wp-json\/wp\/v2\/posts"}],"about":[{"href":"https:\/\/soib.es\/es\/wp-json\/wp\/v2\/types\/post"}],"author":[{"embeddable":true,"href":"https:\/\/soib.es\/es\/wp-json\/wp\/v2\/users\/13"}],"replies":[{"embeddable":true,"href":"https:\/\/soib.es\/es\/wp-json\/wp\/v2\/comments?post=39897"}],"version-history":[{"count":0,"href":"https:\/\/soib.es\/es\/wp-json\/wp\/v2\/posts\/39897\/revisions"}],"wp:featuredmedia":[{"embeddable":true,"href":"https:\/\/soib.es\/es\/wp-json\/wp\/v2\/media\/54646"}],"wp:attachment":[{"href":"https:\/\/soib.es\/es\/wp-json\/wp\/v2\/media?parent=39897"}],"wp:term":[{"taxonomy":"category","embeddable":true,"href":"https:\/\/soib.es\/es\/wp-json\/wp\/v2\/categories?post=39897"},{"taxonomy":"post_tag","embeddable":true,"href":"https:\/\/soib.es\/es\/wp-json\/wp\/v2\/tags?post=39897"}],"curies":[{"name":"wp","href":"https:\/\/api.w.org\/{rel}","templated":true}]}}