{"id":39452,"date":"2022-11-11T15:22:17","date_gmt":"2022-11-11T14:22:17","guid":{"rendered":"https:\/\/soib.es\/?p=39452"},"modified":"2023-07-05T11:19:35","modified_gmt":"2023-07-05T09:19:35","slug":"jornades-bones-practiques-desenvolupament-local-a-les-illes-balears","status":"publish","type":"post","link":"https:\/\/soib.es\/es\/jornades-bones-practiques-desenvolupament-local-a-les-illes-balears\/","title":{"rendered":"El SOIB reconoce el trabajo de 19 entidades en las I Jornadas de Buenas Pr\u00e1cticas de Desarrollo Local en las Illes Balears"},"content":{"rendered":"<p>La directora del SOIB, Pilar Ortiz, ha entregado a 19 entidades locales de las Illes Balears el reconocimiento de buenas pr\u00e1cticas de desarrollo local. Este acto, organizado por el SOIB, se enmarca en las I Jornadas de Buenas Pr\u00e1cticas de Desarrollo Local en las Illes Balears, que han tenido lugar los d\u00edas 10 y 11 de noviembre en la Escuela de Hoteler\u00eda de las Illes Balears, para compartir experiencias y conocimientos, y colaborar en la mejora de las pol\u00edticas activas de ocupaci\u00f3n. Han participado el director general de Modelo Econ\u00f3mico y Ocupaci\u00f3n, Lloren\u00e7 Pou, la directora del SOIB, todos los agentes de desarrollo local y diferentes representantes municipales, los cuales han explicado varios programas formativos y experiencias de emprendimiento en el \u00e1mbito local.<\/p>\n<p>En la conclusi\u00f3n de las Jornadas, se han reconocido los proyectos de 3 entidades con buenas pr\u00e1cticas con menci\u00f3n especial, y otras 16 entidades seleccionadas con buenas pr\u00e1cticas.<\/p>\n<p>Las entidades seleccionadas han sido las siguientes:<\/p>\n<p><strong>Buenas pr\u00e1cticas con menci\u00f3n especial:<\/strong><\/p>\n<p>&#8211; Mancomunidad del Pla de Mallorca, con el programa \u00abMesa de formaci\u00f3n, ocupaci\u00f3n y empresa\u00bb<br \/>\n&#8211; Ayuntamiento de Santa Eul\u00e0ria del Riu, por la iniciativa para propulsar el emprendimiento \u00abIngenion\u00bb<br \/>\n&#8211; PalmaActiva, por la Red Activa de Empresas PalmaActiva<\/p>\n<p><strong>Buenas pr\u00e1cticas y nombre del programa:<\/strong><\/p>\n<p>&#8211; Ayuntamiento de Andratx: \u00abF\u00f3rmate y emprende!\u00bb<br \/>\n&#8211; Ayuntamiento des Castell: \u00abAcreditaci\u00f3n de espacio para formaci\u00f3n\u00bb<br \/>\n&#8211; Ayuntamiento de Lloseta: \u00abLloseta punto de difusi\u00f3n\u00bb<br \/>\n&#8211; Ayuntamiento de sa Pobla: \u00abFomentamos la ocupaci\u00f3n y la formaci\u00f3n en el territorio\u00bb<br \/>\n&#8211; Ayuntamiento de Ibiza: \u00abDistrito 07800\u00bb<br \/>\n&#8211; Ayuntamiento de Calvi\u00e0 &#8211; IFOC: \u00abAceleradora de personas emprendedoras\u00bb<br \/>\n&#8211; Ayuntamiento de Pollen\u00e7a: \u00abJornadas de J\u00f3venes Emprendedores\u00bb<br \/>\n&#8211; Ayuntamiento de Esporles: \u00abAcciones formativas que reducen la brecha digital\u00bb<br \/>\n&#8211; Consell Insular de Formentera: \u00abFormaci\u00f3n y acompa\u00f1amiento para la ocupaci\u00f3n en Formentera\u00bb<br \/>\n&#8211; Ayuntamiento de Algaida: \u00abPrograma SOIB &#8211; Dona\u00bb<br \/>\n&#8211; Ayuntamiento de Art\u00e0: \u00abPrograma SOIB Jove \u00abCuidando futuro\u00bb\u00bb<br \/>\n&#8211; Ayuntamiento de Sant Josep de sa Talaia: \u00abExPlora \u00bb<br \/>\n&#8211; Ayuntamiento de Llucmajor: \u00abY ahora?&#8230; vamos a los comercios!!!\u00bb<br \/>\n&#8211; Ayuntamiento de Marratx\u00ed: \u00abImpulso de la Agencia de colocaci\u00f3n Marratx\u00ed\u00bb<br \/>\n&#8211; Ayuntamiento de Sant Antoni de Portmany: \u00abFeria de Ocupaci\u00f3n Act\u00edvate Portmany. Vamos por trabajo\u00bb<br \/>\n&#8211; Ayuntamiento de Alc\u00fadia: \u00abContribuimos a la mejora de la empleabilidad del municipio\u00bb<\/p>\n","protected":false},"excerpt":{"rendered":"<p>La directora del SOIB, Pilar Ortiz, ha entregado a 19 entidades locales de las Illes Balears el reconocimiento de buenas pr\u00e1cticas de desarrollo local. Este acto, organizado por el SOIB, se enmarca en las I Jornadas de Buenas Pr\u00e1cticas de Desarrollo Local en las Illes Balears, que han tenido lugar los d\u00edas 10 y 11 [&hellip;]<\/p>\n","protected":false},"author":13,"featured_media":39455,"comment_status":"closed","ping_status":"closed","sticky":false,"template":"","format":"standard","meta":{"_et_pb_use_builder":"","_et_pb_old_content":"","_et_gb_content_width":"","footnotes":"","_links_to":"","_links_to_target":""},"categories":[220,235,188,191],"tags":[],"class_list":["post-39452","post","type-post","status-publish","format-standard","has-post-thumbnail","hentry","category-entidades","category-entidades-2-es","category-noticias","category-noticies-es"],"publishpress_future_action":{"enabled":false,"date":"2026-05-06 15:26:04","action":"change-status","newStatus":"draft","terms":[],"taxonomy":"category","extraData":[]},"publishpress_future_workflow_manual_trigger":{"enabledWorkflows":[]},"_links":{"self":[{"href":"https:\/\/soib.es\/es\/wp-json\/wp\/v2\/posts\/39452","targetHints":{"allow":["GET"]}}],"collection":[{"href":"https:\/\/soib.es\/es\/wp-json\/wp\/v2\/posts"}],"about":[{"href":"https:\/\/soib.es\/es\/wp-json\/wp\/v2\/types\/post"}],"author":[{"embeddable":true,"href":"https:\/\/soib.es\/es\/wp-json\/wp\/v2\/users\/13"}],"replies":[{"embeddable":true,"href":"https:\/\/soib.es\/es\/wp-json\/wp\/v2\/comments?post=39452"}],"version-history":[{"count":0,"href":"https:\/\/soib.es\/es\/wp-json\/wp\/v2\/posts\/39452\/revisions"}],"wp:featuredmedia":[{"embeddable":true,"href":"https:\/\/soib.es\/es\/wp-json\/wp\/v2\/media\/39455"}],"wp:attachment":[{"href":"https:\/\/soib.es\/es\/wp-json\/wp\/v2\/media?parent=39452"}],"wp:term":[{"taxonomy":"category","embeddable":true,"href":"https:\/\/soib.es\/es\/wp-json\/wp\/v2\/categories?post=39452"},{"taxonomy":"post_tag","embeddable":true,"href":"https:\/\/soib.es\/es\/wp-json\/wp\/v2\/tags?post=39452"}],"curies":[{"name":"wp","href":"https:\/\/api.w.org\/{rel}","templated":true}]}}