{"id":33623,"date":"2022-03-29T13:00:57","date_gmt":"2022-03-29T11:00:57","guid":{"rendered":"https:\/\/soib.es\/annexos-provisionals-convocatoria-persones-ocupades-2022-2025-formacio-cp\/"},"modified":"2022-04-25T12:46:28","modified_gmt":"2022-04-25T10:46:28","slug":"annexos-definitius-convocatoria-persones-ocupades-2022-2025-formacio-cp","status":"publish","type":"post","link":"https:\/\/soib.es\/es\/annexos-definitius-convocatoria-persones-ocupades-2022-2025-formacio-cp\/","title":{"rendered":"Anexos definitivos y guiones programas formativos convocatoria SOIB personas ocupadas 2022-2025 (Formaci\u00f3n conducente a CP)"},"content":{"rendered":"<p>[et_pb_section fb_built=\u00bb1&#8243; _builder_version=\u00bb3.22&#8243;][et_pb_row _builder_version=\u00bb3.25&#8243;][et_pb_column type=\u00bb4_4&#8243; _builder_version=\u00bb3.25&#8243; custom_padding=\u00bb|||\u00bb custom_padding__hover=\u00bb|||\u00bb][et_pb_accordion db_initial_state=\u00bball_closed\u00bb open_toggle_text_color=\u00bb#e01f4e\u00bb closed_toggle_text_color=\u00bb#cb023e\u00bb _builder_version=\u00bb4.9.4&#8243; toggle_text_color=\u00bb#242424&#8243; toggle_font=\u00bb|700|||||||\u00bb hover_enabled=\u00bb0&#8243; locked=\u00bboff\u00bb sticky_enabled=\u00bb0&#8243;][et_pb_accordion_item title=\u00bbAnexos transversales con los m\u00f3dulos formativos para obtener competencias transversales de diversos \u00e1mbitos sectoriales de la econom\u00eda y especialidades formativas de competencias clave\u00bb open=\u00bbon\u00bb icon_color=\u00bb#e01f4e\u00bb _builder_version=\u00bb4.9.4&#8243; link_option_url=\u00bbhttps:\/\/soib.es\/wp-content\/uploads\/2022\/03\/MODULS-TRANSVERSALS-CP-def.xlsx\u00bb link_option_url_new_window=\u00bbon\u00bb]<\/p>\n<ul>\n<li><span style=\"color: #cb023e;\"><a style=\"color: #cb023e;\" href=\"https:\/\/soib.es\/wp-content\/uploads\/2022\/03\/MODULS-TRANSVERSALS-CP-def-2.xlsx\" target=\"_blank\" rel=\"noopener\">Anexos transversales<\/a><\/span><\/li>\n<\/ul>\n<p>[\/et_pb_accordion_item][et_pb_accordion_item title=\u00bbAnexos sectoriales que contienen los m\u00f3dulos formativos de certificados de profesionalidad agrupados en los 10 \u00e1mbitos sectoriales m\u00e1s importantes de actividad econ\u00f3mica de las Illes Balears \u00bb icon_color=\u00bb#e01f4e\u00bb _builder_version=\u00bb4.9.4&#8243; open=\u00bboff\u00bb]<\/p>\n<ol>\n<li><span style=\"color: #cb023e;\"><a style=\"color: #cb023e;\" href=\"https:\/\/soib.es\/wp-content\/uploads\/2022\/03\/MODULS-CP-AGROALIMENTARI-per-publicar-2022-2025.xlsx\" target=\"_blank\" rel=\"noopener\">Agroalimentario<\/a><\/span><\/li>\n<li><span style=\"color: #cb023e;\"><a style=\"color: #cb023e;\" href=\"https:\/\/soib.es\/wp-content\/uploads\/2022\/03\/MODULS-CP-COMERC-per-publicar-2022-2025.xlsx\" target=\"_blank\" rel=\"noopener\">Comercio<\/a><\/span><\/li>\n<li><span style=\"color: #cb023e;\"><a style=\"color: #cb023e;\" href=\"https:\/\/soib.es\/wp-content\/uploads\/2022\/03\/MODULS-CP-CONSTRUCCIO-per-publicar-2022-2025.xlsx\" target=\"_blank\" rel=\"noopener\">Construcci\u00f3n<\/a><\/span><\/li>\n<li><span style=\"color: #cb023e;\"><a style=\"color: #cb023e;\" href=\"https:\/\/soib.es\/wp-content\/uploads\/2022\/03\/MODULS-CP-EDUCACIO-I-FORMACIO-per-publicar-2022-2025.xlsx\" target=\"_blank\" rel=\"noopener\">Educaci\u00f3n y formaci\u00f3n<\/a><\/span><\/li>\n<li><span style=\"color: #cb023e;\"><a style=\"color: #cb023e;\" href=\"https:\/\/soib.es\/wp-content\/uploads\/2022\/03\/MODULS-CP-HOTELERIA-I-JOC-per-publicar-2022-2025.xlsx\" target=\"_blank\" rel=\"noopener\">Hosteler\u00eda y juego<\/a><\/span><\/li>\n<li><span style=\"color: #cb023e;\"><a style=\"color: #cb023e;\" href=\"https:\/\/soib.es\/wp-content\/uploads\/2022\/03\/MODULS-CP-INDUSTRIA-per-publicar-2022-2025.xlsx\" target=\"_blank\" rel=\"noopener\">Industria<\/a><\/span><\/li>\n<li><span style=\"color: #cb023e;\"><a style=\"color: #cb023e;\" href=\"https:\/\/soib.es\/wp-content\/uploads\/2022\/03\/MODULS-CP-SANITAT-per-publicar-2022-2025.xlsx\" target=\"_blank\" rel=\"noopener\">Sanidad<\/a><\/span><\/li>\n<li><span style=\"color: #cb023e;\"><a style=\"color: #cb023e;\" href=\"https:\/\/soib.es\/wp-content\/uploads\/2022\/03\/MODULS-CP-SERVEIS-AFA-per-publicar-2022-2025.xlsx\" target=\"_blank\" rel=\"noopener\">Servicios administrativos, finanzas y seguros<\/a><\/span><\/li>\n<li><span style=\"color: #cb023e;\"><a style=\"color: #cb023e;\" href=\"https:\/\/soib.es\/wp-content\/uploads\/2022\/03\/MODULS-CP-SERVEIS-COLECTIUS-per-publicar-2022-2025.xlsx\" target=\"_blank\" rel=\"noopener\">Servicios colectivos<\/a><\/span><\/li>\n<li><span style=\"color: #cb023e;\"><a style=\"color: #cb023e;\" href=\"https:\/\/soib.es\/wp-content\/uploads\/2022\/03\/MODULS-CP-TRANSPORTS-per-publicar-2022-2025.xlsx\" target=\"_blank\" rel=\"noopener\">Transporte<\/a><\/span><\/li>\n<\/ol>\n<p>[\/et_pb_accordion_item][et_pb_accordion_item title=\u00bbPrograma formativo TRANSVERSAL personas trabajadoras ocupadas 2022-2025&#8243; icon_color=\u00bb#e01f4e\u00bb _builder_version=\u00bb4.9.4&#8243; hover_enabled=\u00bb0&#8243; open=\u00bboff\u00bb sticky_enabled=\u00bb0&#8243;]<\/p>\n<p><span style=\"color: #cb023e;\"><a style=\"color: #cb023e;\" href=\"https:\/\/soib.es\/wp-content\/uploads\/2022\/04\/Programa-formatiu-TRANSVERSAL-persones-treballadores-ocupades-2022-2025-esborrany.docx\" target=\"_blank\" rel=\"noopener\">Programa formativo TRANSVERSAL personas ocupadas 2022-2025<\/a><\/span><\/p>\n<p>[\/et_pb_accordion_item][et_pb_accordion_item title=\u00bbPrograma formativo SECTORIAL personas trabajadoras ocupadas 2022-2025&#8243; icon_color=\u00bb#e01f4e\u00bb _builder_version=\u00bb4.9.4&#8243; hover_enabled=\u00bb0&#8243; open=\u00bboff\u00bb sticky_enabled=\u00bb0&#8243;]<\/p>\n<p><span style=\"color: #cb023e;\"><a style=\"color: #cb023e;\" href=\"https:\/\/soib.es\/wp-content\/uploads\/2022\/04\/Programa-formatiu-sectorial-persones-treballadores-ocupades-2022-2025-esborrany.docx\" target=\"_blank\" rel=\"noopener\">Programa formativo SECTORIAL personas ocupadas 2022-2025<\/a><\/span><\/p>\n<p>[\/et_pb_accordion_item][et_pb_accordion_item title=\u00bbPrograma formativo personal aut\u00f3nomo y econom\u00eda social personas trabajadoras ocupadas 2022-2025&#8243; icon_color=\u00bb#e01f4e\u00bb _builder_version=\u00bb4.9.4&#8243; hover_enabled=\u00bb0&#8243; open=\u00bboff\u00bb sticky_enabled=\u00bb0&#8243;]<\/p>\n<p><span style=\"color: #cb023e;\"><a style=\"color: #cb023e;\" href=\"https:\/\/soib.es\/wp-content\/uploads\/2022\/04\/Programa-formatiu-autonoms-i-Ec.-Social-Ocupats-2022-2025-esborrany.docx\" target=\"_blank\" rel=\"noopener\">Programa formativo personal aut\u00f3nomo y econom\u00eda social personas ocupadas 2022-2025<\/a><\/span><\/p>\n<p>[\/et_pb_accordion_item][\/et_pb_accordion][\/et_pb_column][\/et_pb_row][\/et_pb_section]<\/p>\n","protected":false},"excerpt":{"rendered":"<p>Anexos transversales Agroalimentario Comercio Construcci\u00f3n Educaci\u00f3n y formaci\u00f3n Hosteler\u00eda y juego Industria Sanidad Servicios administrativos, finanzas y seguros Servicios colectivos Transporte Programa formativo TRANSVERSAL personas ocupadas 2022-2025Programa formativo SECTORIAL personas ocupadas 2022-2025Programa formativo personal aut\u00f3nomo y econom\u00eda social personas ocupadas 2022-2025<\/p>\n","protected":false},"author":13,"featured_media":33821,"comment_status":"closed","ping_status":"closed","sticky":false,"template":"","format":"standard","meta":{"_et_pb_use_builder":"on","_et_pb_old_content":"","_et_gb_content_width":"","footnotes":"","_links_to":"","_links_to_target":""},"categories":[220,7],"tags":[],"class_list":["post-33623","post","type-post","status-publish","format-standard","has-post-thumbnail","hentry","category-entidades","category-sin-categorizar"],"publishpress_future_action":{"enabled":false,"date":"2026-05-10 14:57:12","action":"change-status","newStatus":"draft","terms":[],"taxonomy":"category","extraData":[]},"publishpress_future_workflow_manual_trigger":{"enabledWorkflows":[]},"_links":{"self":[{"href":"https:\/\/soib.es\/es\/wp-json\/wp\/v2\/posts\/33623","targetHints":{"allow":["GET"]}}],"collection":[{"href":"https:\/\/soib.es\/es\/wp-json\/wp\/v2\/posts"}],"about":[{"href":"https:\/\/soib.es\/es\/wp-json\/wp\/v2\/types\/post"}],"author":[{"embeddable":true,"href":"https:\/\/soib.es\/es\/wp-json\/wp\/v2\/users\/13"}],"replies":[{"embeddable":true,"href":"https:\/\/soib.es\/es\/wp-json\/wp\/v2\/comments?post=33623"}],"version-history":[{"count":0,"href":"https:\/\/soib.es\/es\/wp-json\/wp\/v2\/posts\/33623\/revisions"}],"wp:featuredmedia":[{"embeddable":true,"href":"https:\/\/soib.es\/es\/wp-json\/wp\/v2\/media\/33821"}],"wp:attachment":[{"href":"https:\/\/soib.es\/es\/wp-json\/wp\/v2\/media?parent=33623"}],"wp:term":[{"taxonomy":"category","embeddable":true,"href":"https:\/\/soib.es\/es\/wp-json\/wp\/v2\/categories?post=33623"},{"taxonomy":"post_tag","embeddable":true,"href":"https:\/\/soib.es\/es\/wp-json\/wp\/v2\/tags?post=33623"}],"curies":[{"name":"wp","href":"https:\/\/api.w.org\/{rel}","templated":true}]}}