{"id":31890,"date":"2021-12-10T12:43:34","date_gmt":"2021-12-10T11:43:34","guid":{"rendered":"https:\/\/soib.es\/10-alumnes-treballadors-comencen-a-fer-feina-a-lajuntament-de-mao-gracies-al-programa-soib-jove-formacio-i-ocupacio-2\/"},"modified":"2021-12-10T12:51:26","modified_gmt":"2021-12-10T11:51:26","slug":"10-alumnes-treballadors-comencen-a-fer-feina-a-lajuntament-de-mao-gracies-al-programa-soib-jove-formacio-i-ocupacio-2","status":"publish","type":"post","link":"https:\/\/soib.es\/es\/10-alumnes-treballadors-comencen-a-fer-feina-a-lajuntament-de-mao-gracies-al-programa-soib-jove-formacio-i-ocupacio-2\/","title":{"rendered":"10 alumnos-trabajadores empiezan a trabajar en el Ayuntamiento de Ma\u00f3 gracias al programa SOIB JOVE Formaci\u00f3n y Ocupaci\u00f3n"},"content":{"rendered":"<p>El Ayuntamiento de Ma\u00f3 ha acogido hoy el inicio de una nueva edici\u00f3n del proyecto \u00ab Es Cal\u00f3 II\u00bb correspondiente a la convocatoria SOIB Jove Formaci\u00f3n y Ocupaci\u00f3n 2020, que tiene como objetivo mejorar las oportunidades laborales y la preparaci\u00f3n de personas en ocupaciones detectadas como prioritarias como es el caso del personal de socorrismo y monitores.<\/p>\n<p>Al acto de bienvenida del nuevo personal, 10 personas j\u00f3venes menores de 30 a\u00f1os, han asistido el alcalde, H\u00e9ctor Pons, el teniente de Alcald\u00eda de Formaci\u00f3n y Ocupaci\u00f3n y Deportes, Carlos Montes y la directora insular del SOIB, Miriam Cuerva. El personal contratado trabajar\u00e1 en las diferentes dependencias municipales como socorristas\/monitores-oras, durante un periodo de doce meses.<\/p>\n<p>El proyecto integrado por la directora, personal docente y, de apoyo administrativo, permitir\u00e1 que 3 mujeres y 7 hombres se formen en los Certificados de Profesionalidad: Socorrismo en playas y en piscinas, Dinamizaci\u00f3n del ocio y Formaci\u00f3n complementar\u00eda en Alfabetizaci\u00f3n Inform\u00e1tica.<\/p>\n<p>\u201cEs Cal\u00f3 II\u201d financiado por el SOIB, con la participaci\u00f3n del SEPE y cofinanciado por el Fondo Social Europeo, a trav\u00e9s del Programa Operativo de Ocupaci\u00f3n Juvenil para el periodo 2014-2020, cuenta con una subvenci\u00f3n de 223.337 \u20ac, adem\u00e1s de la aportaci\u00f3n que hace el consistorio.<\/p>\n","protected":false},"excerpt":{"rendered":"<p>El Ayuntamiento de Ma\u00f3 ha acogido hoy el inicio de una nueva edici\u00f3n del proyecto \u00ab Es Cal\u00f3 II\u00bb correspondiente a la convocatoria SOIB Jove Formaci\u00f3n y Ocupaci\u00f3n 2020, que tiene como objetivo mejorar las oportunidades laborales y la preparaci\u00f3n de personas en ocupaciones detectadas como prioritarias como es el caso del personal de socorrismo [&hellip;]<\/p>\n","protected":false},"author":41,"featured_media":31873,"comment_status":"closed","ping_status":"closed","sticky":false,"template":"","format":"standard","meta":{"_et_pb_use_builder":"","_et_pb_old_content":"","_et_gb_content_width":"","footnotes":"","_links_to":"","_links_to_target":""},"categories":[188,191],"tags":[],"class_list":["post-31890","post","type-post","status-publish","format-standard","has-post-thumbnail","hentry","category-noticias","category-noticies-es"],"publishpress_future_action":{"enabled":false,"date":"2026-05-06 02:51:00","action":"change-status","newStatus":"draft","terms":[],"taxonomy":"category","extraData":[]},"publishpress_future_workflow_manual_trigger":{"enabledWorkflows":[]},"_links":{"self":[{"href":"https:\/\/soib.es\/es\/wp-json\/wp\/v2\/posts\/31890","targetHints":{"allow":["GET"]}}],"collection":[{"href":"https:\/\/soib.es\/es\/wp-json\/wp\/v2\/posts"}],"about":[{"href":"https:\/\/soib.es\/es\/wp-json\/wp\/v2\/types\/post"}],"author":[{"embeddable":true,"href":"https:\/\/soib.es\/es\/wp-json\/wp\/v2\/users\/41"}],"replies":[{"embeddable":true,"href":"https:\/\/soib.es\/es\/wp-json\/wp\/v2\/comments?post=31890"}],"version-history":[{"count":0,"href":"https:\/\/soib.es\/es\/wp-json\/wp\/v2\/posts\/31890\/revisions"}],"wp:featuredmedia":[{"embeddable":true,"href":"https:\/\/soib.es\/es\/wp-json\/wp\/v2\/media\/31873"}],"wp:attachment":[{"href":"https:\/\/soib.es\/es\/wp-json\/wp\/v2\/media?parent=31890"}],"wp:term":[{"taxonomy":"category","embeddable":true,"href":"https:\/\/soib.es\/es\/wp-json\/wp\/v2\/categories?post=31890"},{"taxonomy":"post_tag","embeddable":true,"href":"https:\/\/soib.es\/es\/wp-json\/wp\/v2\/tags?post=31890"}],"curies":[{"name":"wp","href":"https:\/\/api.w.org\/{rel}","templated":true}]}}