{"id":25821,"date":"2021-01-08T14:06:36","date_gmt":"2021-01-08T13:06:36","guid":{"rendered":"https:\/\/soib.es\/benvinguda-a-les-138-persones-que-faran-feina-a-lajuntament-de-palma-durant-quatre-mesos-gracies-al-programa-soib-reactiva-2020\/"},"modified":"2021-01-21T10:56:09","modified_gmt":"2021-01-21T09:56:09","slug":"benvinguda-a-les-138-persones-que-faran-feina-a-lajuntament-de-palma-durant-quatre-mesos-gracies-al-programa-soib-reactiva-2020","status":"publish","type":"post","link":"https:\/\/soib.es\/es\/benvinguda-a-les-138-persones-que-faran-feina-a-lajuntament-de-palma-durant-quatre-mesos-gracies-al-programa-soib-reactiva-2020\/","title":{"rendered":"Bienvenida a las 138 personas que trabajar\u00e1n en el Ajuntament de Palma durante cuatro meses gracias al programa SOIB Reactiva"},"content":{"rendered":"<p>329 personas del programa SOIB Reactiva 2020 se incorporan al Ajuntament en dos turnos: el primero empez\u00f3 el pasado 30 de diciembre y el segon ho far\u00e0 al voltant del mes d\u2019abril.<\/p>\n<p>El director general de Model Econ\u00f2mic i Ocupaci\u00f3 del Govern, Lloren\u00e7 Pou; el alcalde de Palma, Jos\u00e9 Hila; y el regidor de Promoci\u00f3 Econ\u00f2mica i Ocupaci\u00f3, Rodrigo Romero, han dado esta ma\u00f1ana la bienvenida a estos nuevos empleados del Ajuntament que durant trabajar\u00e1n durante 4 meses llevando a cabo obras y servicios de inter\u00e8s general.<\/p>\n<p>Este proyecto tiene un presupuesto de 3.365.278,38 \u20ac, de los cuales el SOIB aporta 2.875.157,31 y PalmaActiva 490.121,07 \u20ac.<\/p>\n<p>SOIB Reactiva 2020 es un programa de contrataci\u00f3n p\u00fablica en ayuntamientos y consells insulares, con tres l\u00edneas de ayuda: para j\u00f3venes menores de 30 a\u00f1os en desempleo (l\u00ednea 1), para personas desempleadas de 30 a\u00f1os o m\u00e1s, en paro de larga duraci\u00f3n (l\u00ednea 2), y para personas desempleadas de 30 a\u00f1os o m\u00e1s, de corta duraci\u00f3n, afectadas directamente poer la crisis econ\u00f3mica causada por la Covid 19 (l\u00ednea 3). Est\u00e1 promovido por el SOIB y cofinanciado por el Fondo Social Europeo, en el marco de los Programas Operativos de Empleo Juvenil y Regional 2014-2020, por fondos del Estado a trav\u00e9s de la Conferencia Sectorial y por el Fondo para favorecer el Impulso del Turismo Sostenible (ITS).<\/p>\n<p>Las 138 personas contratadas en el primer turno pertenecen a la l\u00ednea 1 (dirigida a personas desempleadas menores de 30 a\u00f1os) y a l\u00ednea 3 (dirigida a personas desempleadas de corta duraci\u00f3n, de 30 a\u00f1os o m\u00e1s, afectadas directamente por la crisis econ\u00f3mica causada por la COVID-19), con perfiles profesionales muy diversos: arquitectos, dinamizadores\/as comerciales, historiadoras\/es, jur\u00eddicas\/os, traballadoras\/es sociales, veterinarios, t\u00e9cnicos en desarrollo tecnol\u00f3gico, t\u00e9cnicos en posicionamento SEO, arquitectos t\u00e9cnicos, auxiliares administrativos\/as, electricistas, jardineros, fontaneros, personal de mantenimiento, margers&#8230;<\/p>\n<p>El director general de Model Econ\u00f2mic i Ocupaci\u00f3, Lloren\u00e7 Pou, ha explicado que \u201ceste es un programa puesto en marcha para ayudar a todas aquellas personas que debido a la pandemia no hab\u00e9is encontrado trabajo. Una oportunidad dise\u00f1ada con un sentido de tr\u00e1nsito para adquirir oportunidades de empleo. Hemos hecho un esfuerzo especial desde el Govern, porque hemos cuadruplicado los recursos para este programa, que es punto y seguido para seguir avanzando hacia la normalizaci\u00f3n del mercado de trabajo ordinario.\u201d<\/p>\n<p>Tambi\u00e9n ha agradecido al Ajuntament el trabajo conjunto para poner en marcha esta oportunidad de experiencia laboral.<\/p>\n","protected":false},"excerpt":{"rendered":"<p>329 personas del programa SOIB Reactiva 2020 se incorporan al Ajuntament en dos turnos: el primero empez\u00f3 el pasado 30 de diciembre y el segon ho far\u00e0 al voltant del mes d\u2019abril. El director general de Model Econ\u00f2mic i Ocupaci\u00f3 del Govern, Lloren\u00e7 Pou; el alcalde de Palma, Jos\u00e9 Hila; y el regidor de Promoci\u00f3 [&hellip;]<\/p>\n","protected":false},"author":13,"featured_media":25819,"comment_status":"closed","ping_status":"closed","sticky":false,"template":"","format":"standard","meta":{"_et_pb_use_builder":"","_et_pb_old_content":"","_et_gb_content_width":"","footnotes":"","_links_to":"","_links_to_target":""},"categories":[188,191],"tags":[],"class_list":["post-25821","post","type-post","status-publish","format-standard","has-post-thumbnail","hentry","category-noticias","category-noticies-es"],"publishpress_future_action":{"enabled":false,"date":"2026-05-07 19:43:00","action":"change-status","newStatus":"draft","terms":[],"taxonomy":"category","extraData":[]},"publishpress_future_workflow_manual_trigger":{"enabledWorkflows":[]},"_links":{"self":[{"href":"https:\/\/soib.es\/es\/wp-json\/wp\/v2\/posts\/25821","targetHints":{"allow":["GET"]}}],"collection":[{"href":"https:\/\/soib.es\/es\/wp-json\/wp\/v2\/posts"}],"about":[{"href":"https:\/\/soib.es\/es\/wp-json\/wp\/v2\/types\/post"}],"author":[{"embeddable":true,"href":"https:\/\/soib.es\/es\/wp-json\/wp\/v2\/users\/13"}],"replies":[{"embeddable":true,"href":"https:\/\/soib.es\/es\/wp-json\/wp\/v2\/comments?post=25821"}],"version-history":[{"count":0,"href":"https:\/\/soib.es\/es\/wp-json\/wp\/v2\/posts\/25821\/revisions"}],"wp:featuredmedia":[{"embeddable":true,"href":"https:\/\/soib.es\/es\/wp-json\/wp\/v2\/media\/25819"}],"wp:attachment":[{"href":"https:\/\/soib.es\/es\/wp-json\/wp\/v2\/media?parent=25821"}],"wp:term":[{"taxonomy":"category","embeddable":true,"href":"https:\/\/soib.es\/es\/wp-json\/wp\/v2\/categories?post=25821"},{"taxonomy":"post_tag","embeddable":true,"href":"https:\/\/soib.es\/es\/wp-json\/wp\/v2\/tags?post=25821"}],"curies":[{"name":"wp","href":"https:\/\/api.w.org\/{rel}","templated":true}]}}