{"id":21607,"date":"2025-11-10T09:00:12","date_gmt":"2025-11-10T08:00:12","guid":{"rendered":"https:\/\/soib.es\/accedeix-a-les-ofertes-de-personal-formador-de-certificats-de-professionalitat-al-centre-de-la-mar-de-menorca\/"},"modified":"2025-11-10T11:47:37","modified_gmt":"2025-11-10T10:47:37","slug":"ofertes-personal-formador-centre-de-la-mar-menorca","status":"publish","type":"post","link":"https:\/\/soib.es\/es\/ofertes-personal-formador-centre-de-la-mar-menorca\/","title":{"rendered":"Acceso a los procesos de selecci\u00f3n y ofertas vigentes de personal formador para el Centre de la Mar de Menorca"},"content":{"rendered":"<p>[et_pb_section fb_built=\u00bb1&#8243; admin_label=\u00bbsection\u00bb _builder_version=\u00bb4.16&#8243; global_colors_info=\u00bb{}\u00bb][et_pb_row admin_label=\u00bbrow\u00bb _builder_version=\u00bb4.16&#8243; background_size=\u00bbinitial\u00bb background_position=\u00bbtop_left\u00bb background_repeat=\u00bbrepeat\u00bb global_colors_info=\u00bb{}\u00bb][et_pb_column type=\u00bb4_4&#8243; _builder_version=\u00bb4.16&#8243; custom_padding=\u00bb|||\u00bb global_colors_info=\u00bb{}\u00bb custom_padding__hover=\u00bb|||\u00bb][et_pb_accordion open_toggle_background_color=\u00bb#ffffff\u00bb closed_toggle_text_color=\u00bb#cb023e\u00bb closed_toggle_background_color=\u00bb#ffffff\u00bb icon_color=\u00bb#cb023e\u00bb _builder_version=\u00bb4.27.4&#8243; _module_preset=\u00bbdefault\u00bb toggle_level=\u00bbh6&#8243; hover_enabled=\u00bb0&#8243; db_closeable=\u00bbon\u00bb global_colors_info=\u00bb{}\u00bb sticky_enabled=\u00bb0&#8243;][et_pb_accordion_item title=\u00bbNOVEDAD. Publicadas las listas definitivas de personal formador para el programa SOIB formaci\u00f3n en alternancia en sectores estrat\u00e9gicos y de dif\u00edcil cobertura 2024-2026&#8243; open=\u00bbon\u00bb icon_color=\u00bb#cb023e\u00bb toggle_icon=\u00bb&#x50;||divi||400&#8243; open_icon_color=\u00bb#cb023e\u00bb _builder_version=\u00bb4.27.4&#8243; _module_preset=\u00bbdefault\u00bb hover_enabled=\u00bb0&#8243; global_colors_info=\u00bb{}\u00bb sticky_enabled=\u00bb0&#8243;]<\/p>\n<ul>\n<li class=\"western\"><span style=\"color: #cb023e;\"><a style=\"color: #cb023e;\" href=\"https:\/\/soib.es\/wp-content\/uploads\/2025\/11\/Llista_definitiva_seleccio_personal_docent_Formacio_en_alternanca_imprimible.pdf\" target=\"_blank\" rel=\"noopener\">Listas definitivas de personal formador para el programa SOIB formaci\u00f3n en alternancia en sectores estrat\u00e9gicos y de dif\u00edcil cobertura 2024-2026<\/a><\/span><\/li>\n<\/ul>\n<p>Proceso de selecci\u00f3n anulado por la imposibilidad de disponer del personal docente y de direcci\u00f3n acad\u00e9mica necesarios para el desarrollo de la formaci\u00f3n seg\u00fan el Real Decreto 659\/2023, de 18 de julio, por el que se desarrolla la ordenaci\u00f3n del Sistema de Formaci\u00f3n Profesional.[\/et_pb_accordion_item][et_pb_accordion_item title=\u00bbPublicadas las listas provisionales de personal formador para el programa SOIB formaci\u00f3n en alternancia en sectores estrat\u00e9gicos y de dif\u00edcil cobertura 2024-2026. Alegaciones hasta el 07\/11\/2025&#8243; icon_color=\u00bb#cb023e\u00bb toggle_icon=\u00bb&#x50;||divi||400&#8243; open_icon_color=\u00bb#cb023e\u00bb _builder_version=\u00bb4.27.4&#8243; _module_preset=\u00bbdefault\u00bb global_colors_info=\u00bb{}\u00bb open=\u00bboff\u00bb]<\/p>\n<ul>\n<li class=\"western\"><span style=\"color: #cb023e;\"><a style=\"color: #cb023e;\" href=\"https:\/\/soib.es\/wp-content\/uploads\/2025\/11\/Llistes-provisionals-personal-formador-projecte_SOIB_Formacio_en_alternanca_Centre_de_la_Mar.pdf\" target=\"_blank\" rel=\"noopener\"><span style=\"font-family: Noto Sans, serif;\"><span lang=\"ca-ES\">Listas provisionales de personal formador para el programa SOIB formaci\u00f3n en alternancia en sectores estrat\u00e9gicos y de dif\u00edcil cobertura 2024-2026<\/span><\/span><\/a><\/span><\/li>\n<\/ul>\n<p><\/p>\n<p>&nbsp;<\/p>\n<p><\/p>\n<p class=\"western\"><span style=\"font-family: Noto Sans, serif;\"><span lang=\"ca-ES\">Las personas interesadas disponen de 3 d\u00edas h\u00e1biles (hasta el 07\/11\/2025) para que puedan presentar alegaciones*.<\/span><\/span><\/p>\n<p><\/p>\n<p>&nbsp;<\/p>\n<p><\/p>\n<p class=\"western\"><span style=\"font-family: Noto Sans, serif;\"><span lang=\"ca-ES\">(*) Las alegaciones se presentar\u00e1n por escrito dirigidas al centro de formaci\u00f3n SOIB Centre de la Mar, indicando el motivo de la alegaci\u00f3n. El documento se presentar\u00e1 con registro de entrada dentro del plazo establecido, en el centro de formaci\u00f3n SOIB Centre de la Mar (Carrer Ruiz i Pablo, 13 \u2013 Ma\u00f3, 07702, Menorca) o en cualquier punto de la Administraci\u00f3n que act\u00fae como Registro General. La documentaci\u00f3n presentada deber\u00e1 enviarse por correo electr\u00f3nico, escaneada, a <a href=\"mailto:info@centredelamar.com\" target=\"_blank\" rel=\"noopener\"><span style=\"color: #cb023e;\">info@centredelamar.com<\/span><\/a><\/span><\/span><\/p>\n<p>[\/et_pb_accordion_item][et_pb_accordion_item title=\u00bbIniciado el proceso de selecci\u00f3n de personal formador para impartir las acciones formativas programadas en el marco de la Convocatoria de subvenciones SOIB formaci\u00f3n en alternancia en sectores estrat\u00e9gicos y de dif\u00edcil cobertura 2024-2026, que se impartir\u00e1n en el Centre de la Mar del SOIB durante el per\u00edodo 2025-2026.\u00bb _builder_version=\u00bb4.27.4&#8243; _module_preset=\u00bbdefault\u00bb global_colors_info=\u00bb{}\u00bb open=\u00bboff\u00bb]<\/p>\n<p><img loading=\"lazy\" decoding=\"async\" class=\"alignnone wp-image-66871 size-full\" src=\"https:\/\/soib.es\/wp-content\/uploads\/2025\/10\/Accions-formatives-projecte-Camins-dExit-SOIB-Formacio-en-alternanca-SE-i-dificil-cobertura-Centre-de-la-Mar.png\" alt=\"\" width=\"1150\" height=\"556\" srcset=\"https:\/\/soib.es\/wp-content\/uploads\/2025\/10\/Accions-formatives-projecte-Camins-dExit-SOIB-Formacio-en-alternanca-SE-i-dificil-cobertura-Centre-de-la-Mar.png 1150w, https:\/\/soib.es\/wp-content\/uploads\/2025\/10\/Accions-formatives-projecte-Camins-dExit-SOIB-Formacio-en-alternanca-SE-i-dificil-cobertura-Centre-de-la-Mar-980x474.png 980w, https:\/\/soib.es\/wp-content\/uploads\/2025\/10\/Accions-formatives-projecte-Camins-dExit-SOIB-Formacio-en-alternanca-SE-i-dificil-cobertura-Centre-de-la-Mar-480x232.png 480w\" sizes=\"(min-width: 0px) and (max-width: 480px) 480px, (min-width: 481px) and (max-width: 980px) 980px, (min-width: 981px) 1150px, 100vw\" \/><\/p>\n<p><\/p>\n<p>&nbsp;<\/p>\n<p><\/p>\n<ul>\n<li style=\"list-style-type: none;\">\n<ul>\n<li style=\"list-style-type: none;\">\n<ul>\n<li>Certificado profesional IMAI0108_GRADO_C: Operaciones de fontaner\u00eda y calefacci\u00f3n &#8211; climatizaci\u00f3n dom\u00e9stica. El personal formador seleccionado deber\u00e1 ejercer las funciones de la direcci\u00f3n acad\u00e9mica. Total horas (impartici\u00f3n, tutor\u00eda y preparaci\u00f3n): 648. Precio\/hora: 50 \u20ac<\/li>\n<li>Especialidad formativa Montaje de instalaciones el\u00e9ctricas de baja tensi\u00f3n en edificios (ELEE0016). Total horas (impartici\u00f3n, tutor\u00eda y preparaci\u00f3n) 121,50. Precio\/hora: 52 \u20ac<\/li>\n<li>Especialidad formativa Iniciaci\u00f3n a la inform\u00e1tica y en competencias digitales b\u00e1sicas (FCOI13). Total horas (impartici\u00f3n, tutor\u00eda y preparaci\u00f3n): 54. Precio\/hora: 35 \u20ac<\/li>\n<li>Especialidad formativa Inserci\u00f3n laboral y t\u00e9cnicas de b\u00fasqueda de empleo (FCOO01). Total horas (impartici\u00f3n, tutor\u00eda y preparaci\u00f3n): 20,25. Precio\/hora: 35 \u20ac<\/li>\n<\/ul>\n<p><\/li>\n<p><\/ul>\n<p><\/li>\n<p><\/ul>\n<p><\/p>\n<p>&nbsp;<\/p>\n<p><\/p>\n<p data-start=\"94\" data-end=\"389\">Deb\u00e9is presentar el modelo de solicitud del SOIB que encontrar\u00e9is en la resoluci\u00f3n adjunta al pie de esta publicaci\u00f3n. El plazo para presentar las solicitudes es de <strong data-start=\"259\" data-end=\"278\">10 d\u00edas h\u00e1biles<\/strong>, a partir del d\u00eda siguiente a su publicaci\u00f3n en la p\u00e1gina web del SOIB (<strong data-start=\"360\" data-end=\"387\">hasta el 3 de noviembre incluido<\/strong>).<\/p>\n<p><\/p>\n<p>&nbsp;<\/p>\n<p><\/p>\n<p data-start=\"391\" data-end=\"683\">Las solicitudes deben presentarse en el <strong data-start=\"431\" data-end=\"501\">Registro Electr\u00f3nico Com\u00fan de la Administraci\u00f3n General del Estado<\/strong> a trav\u00e9s del punto de acceso general, o accediendo a la p\u00e1gina web de la <strong data-start=\"575\" data-end=\"682\">CAIB \/\/ Administraci\u00f3n \/\/ Atenci\u00f3n a la ciudadan\u00eda \/\/ Atenci\u00f3n telem\u00e1tica \/\/ Registro electr\u00f3nico com\u00fan<\/strong>.<\/p>\n<p><\/p>\n<p>&nbsp;<\/p>\n<p><\/p>\n<p data-start=\"685\" data-end=\"1198\">No obstante, tambi\u00e9n se pueden presentar en el <strong data-start=\"732\" data-end=\"776\">Registro de la sede del Centre de la Mar<\/strong> (Carrer Ruiz i Pablo, 13 07703 Ma\u00f3, solicitando cita previa) o en cualquiera de los registros que establece el art\u00edculo 16 de la <strong data-start=\"906\" data-end=\"938\">Ley 39\/2015, de 1 de octubre<\/strong>, del procedimiento administrativo com\u00fan de las administraciones p\u00fablicas, y el art\u00edculo 37 de la <strong data-start=\"1036\" data-end=\"1066\">Ley 3\/2003, de 26 de marzo<\/strong>, de r\u00e9gimen jur\u00eddico de la Administraci\u00f3n de la Comunidad Aut\u00f3noma de las Illes Balears. M\u00e1s informaci\u00f3n: <a class=\"decorated-link\" href=\"https:\/\/soib.es\/es\/registre\/\" target=\"_new\" rel=\"noopener\" data-start=\"1173\" data-end=\"1198\">https:\/\/soib.es\/registre\/<\/a><\/p>\n<p><\/p>\n<p>&nbsp;<\/p>\n<p><\/p>\n<p data-start=\"1200\" data-end=\"1420\">Si la solicitud se presenta por medios no telem\u00e1ticos, la persona interesada deber\u00e1 enviarla escaneada, junto con la documentaci\u00f3n acreditativa de los m\u00e9ritos presentados, al correo electr\u00f3nico <a href=\"mailto:info@centredelamar.com\">info@centredelamar.com<\/a><\/p>\n<p><\/p>\n<p>&nbsp;<\/p>\n<p><\/p>\n<p data-start=\"1422\" data-end=\"1573\">Deb\u00e9is adjuntar la documentaci\u00f3n indicada en los requisitos y criterios de baremaci\u00f3n que aparecen en la resoluci\u00f3n adjunta al pie de esta publicaci\u00f3n.<\/p>\n<p><\/p>\n<p>&nbsp;<\/p>\n<p><\/p>\n<p data-start=\"1575\" data-end=\"1892\">En caso de empate, se establecen los siguientes criterios de desempate, que se comprobar\u00e1n de oficio:<br \/>\u2013 En primer lugar, estar en situaci\u00f3n de desempleo<br data-start=\"1727\" data-end=\"1730\" \/>\u2013 En segundo lugar, ser mujer<br data-start=\"1759\" data-end=\"1762\" \/>\u2013 En tercer lugar, la persona de mayor edad<br data-start=\"1805\" data-end=\"1808\" \/>Si persiste el empate, se resolver\u00e1 finalmente por orden de entrada de la solicitud.<\/p>\n<p><\/p>\n<p>&nbsp;<\/p>\n<p><\/p>\n<p data-start=\"1894\" data-end=\"2070\">Los listados provisionales se publicar\u00e1n en la web <strong data-start=\"1945\" data-end=\"1960\"><a class=\"decorated-link\" href=\"https:\/\/www.soib.es\" target=\"_new\" rel=\"noopener\" data-start=\"1947\" data-end=\"1958\">www.soib.es<\/a><\/strong> y en redes sociales. Las personas interesadas dispondr\u00e1n de <strong data-start=\"2021\" data-end=\"2039\">3 d\u00edas h\u00e1biles<\/strong> para presentar reclamaciones.*<\/p>\n<p><\/p>\n<p>&nbsp;<\/p>\n<p><\/p>\n<p data-start=\"2072\" data-end=\"2186\">Tras resolver dichas reclamaciones, se publicar\u00e1n los listados definitivos en los canales indicados anteriormente.<\/p>\n<p><\/p>\n<p>&nbsp;<\/p>\n<p><\/p>\n<p data-start=\"2188\" data-end=\"2630\">(*) Las alegaciones se presentar\u00e1n por escrito dirigidas al <strong data-start=\"2248\" data-end=\"2268\">Centre de la Mar<\/strong>, indicando el motivo de la alegaci\u00f3n. El documento se presentar\u00e1 con registro de entrada dentro del plazo establecido, en el Centre de la Mar (Carrer Ruiz i Pablo, 13. 07702 Ma\u00f3) o en cualquier punto de la Administraci\u00f3n que act\u00fae como Registro General. La documentaci\u00f3n presentada deber\u00e1 enviarse por correo electr\u00f3nico, escaneada, a <a href=\"mailto:info@centredelamar.com\">info@centredelamar.com<\/a><\/p>\n<p><\/p>\n<p>&nbsp;<\/p>\n<p><\/p>\n<p data-start=\"2632\" data-end=\"3157\"><a href=\"https:\/\/soib.es\/wp-content\/uploads\/2025\/10\/2._Resolucio_formadors_Centre_de_la_Mar_versio_amb_annexos_FDS31_24_imprimible.pdf\" target=\"_blank\" rel=\"noopener\"><strong data-start=\"2632\" data-end=\"3157\">Resoluci\u00f3n de la consellera de Trabajo, Funci\u00f3n P\u00fablica y Di\u00e1logo Social y presidenta del SOIB por la que se aprueba el proceso de selecci\u00f3n del personal formador para impartir las acciones formativas programadas en el marco de la Convocatoria de subvenciones SOIB formaci\u00f3n en alternancia en sectores estrat\u00e9gicos y de dif\u00edcil cobertura 2024-2026 aprobada por Resoluci\u00f3n del conseller de Empresa, Ocupaci\u00f3n y Energ\u00eda, y presidente del SOIB (BOIB n\u00fam. 100, de 30 de julio de 2024). Centre propi del SOIB Centre de la Mar.<\/strong><\/a><\/p>\n<p>[\/et_pb_accordion_item][et_pb_accordion_item title=\u00bbPublicada la lista definitiva de personal formador del m\u00f3dulo formativo MF1456_1 Operaciones auxiliares de reparaci\u00f3n de elementos de madera de la embarcaci\u00f3n. Programa de formaci\u00f3n con compromiso de contrataci\u00f3n (oferta 982)\u00bb icon_color=\u00bb#cb023e\u00bb toggle_icon=\u00bb&#x50;||divi||400&#8243; open_icon_color=\u00bb#cb023e\u00bb _builder_version=\u00bb4.27.4&#8243; _module_preset=\u00bbdefault\u00bb global_colors_info=\u00bb{}\u00bb open=\u00bboff\u00bb]<\/p>\n<ul>\n<li class=\"western\"><span style=\"color: #cb023e;\"><a style=\"color: #cb023e;\" href=\"https:\/\/soib.es\/wp-content\/uploads\/2023\/03\/Llista-definitiva-seleccio-TMVU0210.pdf\" target=\"_blank\" rel=\"noopener\"><span style=\"font-family: Noto Sans, serif;\"><span lang=\"ca-ES\">Lista definitiva de personal formador del m\u00f3dulo MF1456_1 para el programa de formaci\u00f3n con compromiso de contrataci\u00f3n<\/span><\/span><\/a><\/span><\/li>\n<\/ul>\n<p>[\/et_pb_accordion_item][et_pb_accordion_item title=\u00bbPublicadas las listas provisionales de personal formador del m\u00f3dulo formativo MF1456_1 Operaciones auxiliares de reparaci\u00f3n de elementos de madera de la embarcaci\u00f3n para el programa de formaci\u00f3n con compromiso de contrataci\u00f3n (Oferta 982). Alegaciones hasta el 13\/03\/2023.\u00bb icon_color=\u00bb#cb023e\u00bb toggle_icon=\u00bb&#x50;||divi||400&#8243; open_icon_color=\u00bb#cb023e\u00bb _builder_version=\u00bb4.27.4&#8243; _module_preset=\u00bbdefault\u00bb global_colors_info=\u00bb{}\u00bb open=\u00bboff\u00bb]<\/p>\n<ul>\n<li><span style=\"color: #cb023e;\"><a style=\"color: #cb023e;\" href=\"https:\/\/soib.es\/wp-content\/uploads\/2023\/03\/Llista-provisional-seleccio-TMVU0210-MF1456_1.pdf\" target=\"_blank\" rel=\"noopener\"><span style=\"font-family: Noto Sans, serif;\"><span lang=\"ca-ES\">Lista provisional de personal formador del m\u00f3dulo formativo MF1456_1 para el programa de formaci\u00f3n con compromiso de contrataci\u00f3n<\/span><\/span><\/a><\/span><\/li>\n<\/ul>\n<p><\/p>\n<p>Las personas interesadas disponen de 3 d\u00edas h\u00e1biles (hasta el 13\/03\/2023) para presentar alegaciones*.<\/p>\n<p><\/p>\n<p>(*) Las alegaciones se presentar\u00e1n por escrito dirigidas al centro de formaci\u00f3n SOIB Centre de la Mar, indicando el motivo de la alegaci\u00f3n. El documento se presentar\u00e1 con registro de entrada dentro del plazo establecido, en el centro de formaci\u00f3n SOIB Centre de la Mar (Carrer Ruiz i Pablo, 13 \u2013 Ma\u00f3, 07702, Menorca) o en cualquier punto de la Administraci\u00f3n que act\u00fae como Registro General. La documentaci\u00f3n presentada deber\u00e1 enviarse por correo electr\u00f3nico, escaneada, a <span style=\"font-family: Noto Sans, serif;\"><span lang=\"ca-ES\"><a href=\"mailto:info@centredelamar.com\" target=\"_blank\" rel=\"noopener\"><span style=\"color: #cb023e;\">info@centredelamar.com<\/span><\/a><\/span><\/span><br \/>.<\/p>\n<p>[\/et_pb_accordion_item][et_pb_accordion_item title=\u00bbPublicada la lista definitiva de personal formador de certificados de profesionalidad en el marco del programa SOIB formaci\u00f3n con compromiso de contrataci\u00f3n.\u00bb icon_color=\u00bb#cb023e\u00bb toggle_icon=\u00bb&#x50;||divi||400&#8243; open_icon_color=\u00bb#cb023e\u00bb _builder_version=\u00bb4.27.4&#8243; _module_preset=\u00bbdefault\u00bb global_colors_info=\u00bb{}\u00bb open=\u00bboff\u00bb]<\/p>\n<ul>\n<li class=\"western\"><span style=\"color: #cb023e;\"><a style=\"color: #cb023e;\" href=\"https:\/\/soib.es\/wp-content\/uploads\/2022\/11\/Llista-definitiva-seleccio-CC_FO13.20.pdf\" target=\"_blank\" rel=\"noopener\"><span style=\"font-family: Noto Sans, serif;\"><span lang=\"ca-ES\">Lista definitiva personal formador SOIB formaci\u00f3n con compromiso de contrataci\u00f3n<\/span><\/span><\/a><\/span><\/li>\n<\/ul>\n<p>[\/et_pb_accordion_item][et_pb_accordion_item title=\u00bbPublicadas las listas provisionales de personal formador de certificados de profesionalidad para el programa de formaci\u00f3n con compromiso de contrataci\u00f3n. Alegaciones hasta el 25\/11\/2022&#8243; icon_color=\u00bb#cb023e\u00bb toggle_icon=\u00bb&#x50;||divi||400&#8243; open_icon_color=\u00bb#cb023e\u00bb _builder_version=\u00bb4.27.4&#8243; _module_preset=\u00bbdefault\u00bb global_colors_info=\u00bb{}\u00bb open=\u00bboff\u00bb]<\/p>\n<ul>\n<li data-start=\"0\" data-end=\"138\"><a href=\"https:\/\/soib.es\/wp-content\/uploads\/2022\/11\/Llista-provisional-seleccio-CC_FO13.20.pdf\" target=\"_blank\" rel=\"noopener\"><strong data-start=\"0\" data-end=\"138\">Lista provisional de personal formador de certificados de profesionalidad para el programa de formaci\u00f3n con compromiso de contrataci\u00f3n<\/strong><\/a><\/li>\n<\/ul>\n<p><\/p>\n<p data-start=\"140\" data-end=\"246\">Las personas interesadas disponen de <strong data-start=\"177\" data-end=\"217\">3 d\u00edas h\u00e1biles (hasta el 25\/11\/2022)<\/strong> para presentar alegaciones*.<\/p>\n<p><\/p>\n<p data-start=\"248\" data-end=\"756\">(*) Las alegaciones se presentar\u00e1n por escrito dirigidas al centro de formaci\u00f3n <strong data-start=\"328\" data-end=\"353\">SOIB Centre de la Mar<\/strong>, indicando el motivo de la alegaci\u00f3n. El documento se presentar\u00e1 con registro de entrada dentro del plazo establecido, en el centro de formaci\u00f3n <strong data-start=\"499\" data-end=\"524\">SOIB Centre de la Mar<\/strong> (Carrer Ruiz i Pablo, 13 \u2013 Ma\u00f3, 07702, Menorca) o en cualquier punto de la Administraci\u00f3n que act\u00fae como Registro General. La documentaci\u00f3n presentada deber\u00e1 enviarse por correo electr\u00f3nico, escaneada, a <strong data-start=\"729\" data-end=\"755\"><a class=\"decorated-link cursor-pointer\" rel=\"noopener\" data-start=\"731\" data-end=\"753\">info@centredelamar.com<\/a><\/strong>.<\/p>\n<p>[\/et_pb_accordion_item][et_pb_accordion_item title=\u00bbIniciado el proceso de selecci\u00f3n de personal formador de certificados de profesionalidad en el marco del programa de Formaci\u00f3n con Compromiso de Contrataci\u00f3n, impartidas en el Centro del Mar del SOIB durante el per\u00edodo 2022-2023.\u00bb icon_color=\u00bb#cb023e\u00bb toggle_icon=\u00bb&#x50;||divi||400&#8243; open_icon_color=\u00bb#cb023e\u00bb _builder_version=\u00bb4.27.4&#8243; _module_preset=\u00bbdefault\u00bb global_colors_info=\u00bb{}\u00bb open=\u00bboff\u00bb]<\/p>\n<p data-start=\"81\" data-end=\"184\">Deb\u00e9is estar inscritos o inscritas en el Registro de Personas Formadoras de las Illes Balears (REFOIB).<\/p>\n<p><\/p>\n<p data-start=\"186\" data-end=\"483\">Deb\u00e9is presentar el modelo de solicitud del SOIB que encontrar\u00e9is en la resoluci\u00f3n adjunta al pie de esta publicaci\u00f3n. El plazo para presentar las solicitudes es de <strong data-start=\"351\" data-end=\"370\">10 d\u00edas h\u00e1biles<\/strong>, a partir del d\u00eda siguiente a que se publique en la p\u00e1gina web del SOIB (hasta el <strong data-start=\"453\" data-end=\"481\">17 de noviembre incluido<\/strong>).<\/p>\n<p><\/p>\n<p data-start=\"485\" data-end=\"1333\">Las solicitudes deben presentarse en el <a href=\"https:\/\/sede.administracion.gob.es\/PAG_Sede\/ServiciosElectronicos\/RegistroElectronicoGeneral.html\" target=\"_blank\" rel=\"noopener\"><strong data-start=\"525\" data-end=\"595\">Registro Electr\u00f3nico Com\u00fan de la Administraci\u00f3n General del Estado<\/strong><\/a> a trav\u00e9s del punto de acceso general, o accediendo a la p\u00e1gina web de la <strong data-start=\"669\" data-end=\"677\">CAIB<\/strong> <a class=\"decorated-link\" href=\"http:\/\/www.caib.es\" target=\"_new\" rel=\"noopener\" data-start=\"678\" data-end=\"698\">http:\/\/www.caib.es<\/a> \/\/ <strong data-start=\"702\" data-end=\"720\">Administraci\u00f3n<\/strong> \/\/ <strong data-start=\"724\" data-end=\"752\">Atenci\u00f3n a la ciudadan\u00eda<\/strong> \/\/ <strong data-start=\"756\" data-end=\"779\">Atenci\u00f3n telem\u00e1tica<\/strong> \/\/ <strong data-start=\"783\" data-end=\"813\">Registro electr\u00f3nico com\u00fan<\/strong>.<br data-start=\"814\" data-end=\"817\" \/>No obstante, tambi\u00e9n se pueden presentar en el Registro de la sede del <strong data-start=\"888\" data-end=\"908\">Centre de la Mar<\/strong> (Carrer Ruiz i Pablo, 13, 07703 Ma\u00f3, <a href=\"https:\/\/ac.fundaciobit.org\/citaregistro\/reservar-cita;lang=ct\">solicitando cita previa<\/a>) o en cualquiera de los registros que establece el <strong data-start=\"1021\" data-end=\"1071\" data-is-only-node=\"\">art\u00edculo 16 de la Ley 39\/2015, de 1 de octubre<\/strong>, del Procedimiento Administrativo Com\u00fan de las Administraciones P\u00fablicas, y el <strong data-start=\"1151\" data-end=\"1199\">art\u00edculo 37 de la Ley 3\/2003, de 26 de marzo<\/strong>, de r\u00e9gimen jur\u00eddico de la Administraci\u00f3n de la Comunidad Aut\u00f3noma de las Illes Balears. M\u00e1s informaci\u00f3n: <a class=\"decorated-link\" href=\"https:\/\/soib.es\/es\/registre\/\" target=\"_new\" rel=\"noopener\" data-start=\"1306\" data-end=\"1333\">https:\/\/soib.es\/registre\/<\/a><\/p>\n<p><\/p>\n<p data-start=\"1335\" data-end=\"1556\">Si la solicitud se presenta por medios no telem\u00e1ticos, la persona interesada deber\u00e1 enviarla escaneada, junto con la documentaci\u00f3n acreditativa de los m\u00e9ritos presentados, al correo electr\u00f3nico <strong data-start=\"1529\" data-end=\"1555\"><a class=\"decorated-link cursor-pointer\" rel=\"noopener\" data-start=\"1531\" data-end=\"1553\">info@centredelamar.com<\/a><\/strong>.<\/p>\n<p><\/p>\n<p data-start=\"1558\" data-end=\"1700\">Deb\u00e9is adjuntar la documentaci\u00f3n indicada en los <strong data-start=\"1607\" data-end=\"1634\">criterios de baremaci\u00f3n<\/strong> que aparecen en la resoluci\u00f3n adjunta al pie de esta publicaci\u00f3n.<\/p>\n<p><\/p>\n<p data-start=\"1702\" data-end=\"2036\">En caso de empate, se establecen los siguientes criterios de desempate, que se comprobar\u00e1n de oficio:<br data-start=\"1803\" data-end=\"1806\" \/>\u2013 En primer lugar, estar en situaci\u00f3n de <strong data-start=\"1847\" data-end=\"1860\">desempleo<\/strong>.<br data-start=\"1861\" data-end=\"1864\" \/>\u2013 En segundo lugar, ser <strong data-start=\"1888\" data-end=\"1897\">mujer<\/strong>.<br data-start=\"1898\" data-end=\"1901\" \/>\u2013 En tercer lugar, la <strong data-start=\"1923\" data-end=\"1948\">persona de mayor edad<\/strong>.<br data-start=\"1949\" data-end=\"1952\" \/>Si el empate contin\u00faa, se resolver\u00e1 finalmente por orden de entrada de la solicitud.<\/p>\n<p><\/p>\n<p data-start=\"2038\" data-end=\"2331\">Los listados provisionales se publicar\u00e1n en la web <strong data-start=\"2089\" data-end=\"2104\"><a class=\"decorated-link\" href=\"https:\/\/www.soib.es\" target=\"_new\" rel=\"noopener\" data-start=\"2091\" data-end=\"2102\">www.soib.es<\/a><\/strong> y en redes sociales.<br data-start=\"2125\" data-end=\"2128\" \/>Las personas interesadas dispondr\u00e1n de <strong data-start=\"2167\" data-end=\"2185\">3 d\u00edas h\u00e1biles<\/strong> para presentar reclamaciones.* Tras resolver dichas reclamaciones, se publicar\u00e1n los listados definitivos en los canales indicados anteriormente.<\/p>\n<p><\/p>\n<p data-start=\"2333\" data-end=\"2788\">(*) Las alegaciones se presentar\u00e1n por escrito dirigidas al <strong data-start=\"2393\" data-end=\"2413\">Centre de la Mar<\/strong>, indicando el motivo de la alegaci\u00f3n. El documento se presentar\u00e1 con <strong data-start=\"2483\" data-end=\"2506\">registro de entrada<\/strong> dentro del plazo establecido, en el <strong data-start=\"2543\" data-end=\"2563\">Centre de la Mar<\/strong> (Carrer Ruiz i Pablo, 13. 07702 Ma\u00f3) <a href=\"https:\/\/soib.es\/es\/registre\/\">o en cualquier punto de la Administraci\u00f3n que act\u00fae como <strong data-start=\"2658\" data-end=\"2678\">Registro General<\/strong><\/a>. La documentaci\u00f3n presentada deber\u00e1 enviarse por correo electr\u00f3nico, escaneada, a <strong data-start=\"2761\" data-end=\"2787\"><a class=\"decorated-link cursor-pointer\" rel=\"noopener\" data-start=\"2763\" data-end=\"2785\">info@centredelamar.com<\/a><\/strong>.<\/p>\n<p><\/p>\n<p data-start=\"2790\" data-end=\"3146\"><a href=\"https:\/\/soib.es\/wp-content\/uploads\/2022\/11\/IMP_Resolucio_formadors_SOIB_FORMACIO_AMB_COMPROMIS.pdf\" target=\"_blank\" rel=\"noopener\"><strong data-start=\"2790\" data-end=\"3146\">Resoluci\u00f3n del conseller de Modelo Econ\u00f3mico, Turismo y Trabajo y presidente del SOIB por la que se aprueba el proceso de selecci\u00f3n de los formadores para impartir las acciones formativas programadas en el marco de la Convocatoria de subvenciones 2020-2022. Programa SOIB Formaci\u00f3n y Compromiso de contrataci\u00f3n. Centro propio del SOIB Centre de la Mar.<\/strong><\/a><\/p>\n<p>[\/et_pb_accordion_item][\/et_pb_accordion][et_pb_accordion open_toggle_background_color=\u00bb#ffffff\u00bb closed_toggle_text_color=\u00bb#cb023e\u00bb closed_toggle_background_color=\u00bb#ffffff\u00bb icon_color=\u00bb#cb023e\u00bb disabled_on=\u00bbon|on|on\u00bb _builder_version=\u00bb4.16&#8243; _module_preset=\u00bbdefault\u00bb toggle_level=\u00bbh6&#8243; db_initial_state=\u00bball_closed\u00bb disabled=\u00bbon\u00bb global_colors_info=\u00bb{}\u00bb][et_pb_accordion_item title=\u00bbNOVEDAD. Publicada la lista definitiva de personal formador de certificados de profesionalidad en el marco del programa SOIB formaci\u00f3n con compromiso de contrataci\u00f3n.\u00bb open=\u00bbon\u00bb icon_color=\u00bbrgba(0,0,0,0)\u00bb open_icon_color=\u00bbrgba(0,0,0,0)\u00bb _builder_version=\u00bb4.16&#8243; _module_preset=\u00bbdefault\u00bb global_colors_info=\u00bb{}\u00bb]<\/p>\n<ul>\n<li class=\"western\"><span style=\"color: #cb023e;\"><a style=\"color: #cb023e;\" href=\"https:\/\/soib.es\/wp-content\/uploads\/2022\/11\/Llista-definitiva-seleccio-CC_FO13.20.pdf\" target=\"_blank\" rel=\"noopener\"><span style=\"font-family: Noto Sans, serif;\"><span lang=\"ca-ES\">Lista definitiva personal formador SOIB formaci\u00f3n con compromiso de contrataci\u00f3n<\/span><\/span><\/a><\/span><\/li>\n<\/ul>\n<p>[\/et_pb_accordion_item][et_pb_accordion_item title=\u00bbPublicadas las listas provisionales de personal formador de certificados de profesionalidad para el programa de formaci\u00f3n con compromiso de contrataci\u00f3n. Alegaciones hasta el 25\/11\/2022&#8243; icon_color=\u00bbrgba(0,0,0,0)\u00bb open_icon_color=\u00bbrgba(0,0,0,0)\u00bb _builder_version=\u00bb4.16&#8243; _module_preset=\u00bbdefault\u00bb global_colors_info=\u00bb{}\u00bb open=\u00bboff\u00bb]<\/p>\n<ul>\n<li data-start=\"0\" data-end=\"138\"><a href=\"https:\/\/soib.es\/wp-content\/uploads\/2022\/11\/Llista-provisional-seleccio-CC_FO13.20.pdf\" target=\"_blank\" rel=\"noopener\"><strong data-start=\"0\" data-end=\"138\">Lista provisional de personal formador de certificados de profesionalidad para el programa de formaci\u00f3n con compromiso de contrataci\u00f3n<\/strong><\/a><\/li>\n<\/ul>\n<p><\/p>\n<p data-start=\"140\" data-end=\"246\">Las personas interesadas disponen de <strong data-start=\"177\" data-end=\"217\">3 d\u00edas h\u00e1biles (hasta el 25\/11\/2022)<\/strong> para presentar alegaciones*.<\/p>\n<p><\/p>\n<p data-start=\"248\" data-end=\"756\">(*) Las alegaciones se presentar\u00e1n por escrito dirigidas al centro de formaci\u00f3n <strong data-start=\"328\" data-end=\"353\">SOIB Centre de la Mar<\/strong>, indicando el motivo de la alegaci\u00f3n. El documento se presentar\u00e1 con registro de entrada dentro del plazo establecido, en el centro de formaci\u00f3n <strong data-start=\"499\" data-end=\"524\">SOIB Centre de la Mar<\/strong> (Carrer Ruiz i Pablo, 13 \u2013 Ma\u00f3, 07702, Menorca) o en cualquier punto de la Administraci\u00f3n que act\u00fae como Registro General. La documentaci\u00f3n presentada deber\u00e1 enviarse por correo electr\u00f3nico, escaneada, a <strong data-start=\"729\" data-end=\"755\"><a class=\"decorated-link cursor-pointer\" rel=\"noopener\" data-start=\"731\" data-end=\"753\">info@centredelamar.com<\/a><\/strong>.<\/p>\n<p>[\/et_pb_accordion_item][et_pb_accordion_item title=\u00bbIniciado el proceso de selecci\u00f3n de personal formador de certificados de profesionalidad en el marco del programa de Formaci\u00f3n con Compromiso de Contrataci\u00f3n, impartidas en el Centro del Mar del SOIB durante el per\u00edodo 2022-2023.\u00bb icon_color=\u00bbrgba(0,0,0,0)\u00bb open_icon_color=\u00bbrgba(0,0,0,0)\u00bb _builder_version=\u00bb4.16&#8243; _module_preset=\u00bbdefault\u00bb global_colors_info=\u00bb{}\u00bb open=\u00bboff\u00bb]<\/p>\n<p data-start=\"81\" data-end=\"184\">Deb\u00e9is estar inscritos o inscritas en el Registro de Personas Formadoras de las Illes Balears (REFOIB).<\/p>\n<p><\/p>\n<p data-start=\"186\" data-end=\"483\">Deb\u00e9is presentar el modelo de solicitud del SOIB que encontrar\u00e9is en la resoluci\u00f3n adjunta al pie de esta publicaci\u00f3n. El plazo para presentar las solicitudes es de <strong data-start=\"351\" data-end=\"370\">10 d\u00edas h\u00e1biles<\/strong>, a partir del d\u00eda siguiente a que se publique en la p\u00e1gina web del SOIB (hasta el <strong data-start=\"453\" data-end=\"481\">17 de noviembre incluido<\/strong>).<\/p>\n<p><\/p>\n<p data-start=\"485\" data-end=\"1333\">Las solicitudes deben presentarse en el <a href=\"https:\/\/sede.administracion.gob.es\/PAG_Sede\/ServiciosElectronicos\/RegistroElectronicoGeneral.html\" target=\"_blank\" rel=\"noopener\"><strong data-start=\"525\" data-end=\"595\">Registro Electr\u00f3nico Com\u00fan de la Administraci\u00f3n General del Estado<\/strong><\/a> a trav\u00e9s del punto de acceso general, o accediendo a la p\u00e1gina web de la <strong data-start=\"669\" data-end=\"677\">CAIB<\/strong> <a class=\"decorated-link\" href=\"http:\/\/www.caib.es\" target=\"_new\" rel=\"noopener\" data-start=\"678\" data-end=\"698\">http:\/\/www.caib.es<\/a> \/\/ <strong data-start=\"702\" data-end=\"720\">Administraci\u00f3n<\/strong> \/\/ <strong data-start=\"724\" data-end=\"752\">Atenci\u00f3n a la ciudadan\u00eda<\/strong> \/\/ <strong data-start=\"756\" data-end=\"779\">Atenci\u00f3n telem\u00e1tica<\/strong> \/\/ <strong data-start=\"783\" data-end=\"813\">Registro electr\u00f3nico com\u00fan<\/strong>.<br data-start=\"814\" data-end=\"817\" \/>No obstante, tambi\u00e9n se pueden presentar en el Registro de la sede del <strong data-start=\"888\" data-end=\"908\">Centre de la Mar<\/strong> (Carrer Ruiz i Pablo, 13, 07703 Ma\u00f3, <a href=\"https:\/\/ac.fundaciobit.org\/citaregistro\/reservar-cita;lang=ct\">solicitando cita previa<\/a>) o en cualquiera de los registros que establece el <strong data-start=\"1021\" data-end=\"1071\" data-is-only-node=\"\">art\u00edculo 16 de la Ley 39\/2015, de 1 de octubre<\/strong>, del Procedimiento Administrativo Com\u00fan de las Administraciones P\u00fablicas, y el <strong data-start=\"1151\" data-end=\"1199\">art\u00edculo 37 de la Ley 3\/2003, de 26 de marzo<\/strong>, de r\u00e9gimen jur\u00eddico de la Administraci\u00f3n de la Comunidad Aut\u00f3noma de las Illes Balears. M\u00e1s informaci\u00f3n: <a class=\"decorated-link\" href=\"https:\/\/soib.es\/es\/registre\/\" target=\"_new\" rel=\"noopener\" data-start=\"1306\" data-end=\"1333\">https:\/\/soib.es\/registre\/<\/a><\/p>\n<p><\/p>\n<p data-start=\"1335\" data-end=\"1556\">Si la solicitud se presenta por medios no telem\u00e1ticos, la persona interesada deber\u00e1 enviarla escaneada, junto con la documentaci\u00f3n acreditativa de los m\u00e9ritos presentados, al correo electr\u00f3nico <strong data-start=\"1529\" data-end=\"1555\"><a class=\"decorated-link cursor-pointer\" rel=\"noopener\" data-start=\"1531\" data-end=\"1553\">info@centredelamar.com<\/a><\/strong>.<\/p>\n<p><\/p>\n<p data-start=\"1558\" data-end=\"1700\">Deb\u00e9is adjuntar la documentaci\u00f3n indicada en los <strong data-start=\"1607\" data-end=\"1634\">criterios de baremaci\u00f3n<\/strong> que aparecen en la resoluci\u00f3n adjunta al pie de esta publicaci\u00f3n.<\/p>\n<p><\/p>\n<p data-start=\"1702\" data-end=\"2036\">En caso de empate, se establecen los siguientes criterios de desempate, que se comprobar\u00e1n de oficio:<br data-start=\"1803\" data-end=\"1806\" \/>\u2013 En primer lugar, estar en situaci\u00f3n de <strong data-start=\"1847\" data-end=\"1860\">desempleo<\/strong>.<br data-start=\"1861\" data-end=\"1864\" \/>\u2013 En segundo lugar, ser <strong data-start=\"1888\" data-end=\"1897\">mujer<\/strong>.<br data-start=\"1898\" data-end=\"1901\" \/>\u2013 En tercer lugar, la <strong data-start=\"1923\" data-end=\"1948\">persona de mayor edad<\/strong>.<br data-start=\"1949\" data-end=\"1952\" \/>Si el empate contin\u00faa, se resolver\u00e1 finalmente por orden de entrada de la solicitud.<\/p>\n<p><\/p>\n<p data-start=\"2038\" data-end=\"2331\">Los listados provisionales se publicar\u00e1n en la web <strong data-start=\"2089\" data-end=\"2104\"><a class=\"decorated-link\" href=\"https:\/\/www.soib.es\" target=\"_new\" rel=\"noopener\" data-start=\"2091\" data-end=\"2102\">www.soib.es<\/a><\/strong> y en redes sociales.<br data-start=\"2125\" data-end=\"2128\" \/>Las personas interesadas dispondr\u00e1n de <strong data-start=\"2167\" data-end=\"2185\">3 d\u00edas h\u00e1biles<\/strong> para presentar reclamaciones.* Tras resolver dichas reclamaciones, se publicar\u00e1n los listados definitivos en los canales indicados anteriormente.<\/p>\n<p><\/p>\n<p data-start=\"2333\" data-end=\"2788\">(*) Las alegaciones se presentar\u00e1n por escrito dirigidas al <strong data-start=\"2393\" data-end=\"2413\">Centre de la Mar<\/strong>, indicando el motivo de la alegaci\u00f3n. El documento se presentar\u00e1 con <strong data-start=\"2483\" data-end=\"2506\">registro de entrada<\/strong> dentro del plazo establecido, en el <strong data-start=\"2543\" data-end=\"2563\">Centre de la Mar<\/strong> (Carrer Ruiz i Pablo, 13. 07702 Ma\u00f3) <a href=\"https:\/\/soib.es\/es\/registre\/\">o en cualquier punto de la Administraci\u00f3n que act\u00fae como <strong data-start=\"2658\" data-end=\"2678\">Registro General<\/strong><\/a>. La documentaci\u00f3n presentada deber\u00e1 enviarse por correo electr\u00f3nico, escaneada, a <strong data-start=\"2761\" data-end=\"2787\"><a class=\"decorated-link cursor-pointer\" rel=\"noopener\" data-start=\"2763\" data-end=\"2785\">info@centredelamar.com<\/a><\/strong>.<\/p>\n<p><\/p>\n<p data-start=\"2790\" data-end=\"3146\"><a href=\"https:\/\/soib.es\/wp-content\/uploads\/2022\/11\/IMP_Resolucio_formadors_SOIB_FORMACIO_AMB_COMPROMIS.pdf\" target=\"_blank\" rel=\"noopener\"><strong data-start=\"2790\" data-end=\"3146\">Resoluci\u00f3n del conseller de Modelo Econ\u00f3mico, Turismo y Trabajo y presidente del SOIB por la que se aprueba el proceso de selecci\u00f3n de los formadores para impartir las acciones formativas programadas en el marco de la Convocatoria de subvenciones 2020-2022. Programa SOIB Formaci\u00f3n y Compromiso de contrataci\u00f3n. Centro propio del SOIB Centre de la Mar.<\/strong><\/a><\/p>\n<p>[\/et_pb_accordion_item][et_pb_accordion_item title=\u00bbPublicada la lista definitiva de personal formador por el m\u00f3dulo formativo MF0541_2 &#8211; Motores de combusti\u00f3n interna y m\u00e1quinas y equipos auxiliares del buque (Patr\u00f3n Portuario II). Oferta 0842&#8243; icon_color=\u00bbrgba(0,0,0,0)\u00bb open_icon_color=\u00bbrgba(0,0,0,0)\u00bb _builder_version=\u00bb4.16&#8243; _module_preset=\u00bbdefault\u00bb global_colors_info=\u00bb{}\u00bb open=\u00bboff\u00bb]<\/p>\n<ul>\n<li class=\"western\"><span style=\"color: #cb023e;\"><a style=\"color: #cb023e;\" href=\"https:\/\/soib.es\/wp-content\/uploads\/2022\/03\/Llista-DEFINITIVA-seleccio-MF0541_2-Oferta-842.pdf\" target=\"_blank\" rel=\"noopener\"><span style=\"font-family: Noto Sans, serif;\"><span lang=\"ca-ES\">Lista definitiva personal formador MF0541_2 \u2013 Motores de combusti\u00f3n interna y m\u00e1quinas y equipos auxiliares del barco (Patr\u00f3n Portuario II)<\/span><\/span><\/a><\/span><\/li>\n<\/ul>\n<p>[\/et_pb_accordion_item][et_pb_accordion_item title=\u00bbPublicada la lista provisional de personal formador por el m\u00f3dulo formativo MF0541_2 &#8211; Motores de combusti\u00f3n interna y m\u00e1quinas y equipos auxiliares del buque (Patr\u00f3n Portuario II). Oferta 0842. Alegaciones hasta el 11\/03\/2022&#8243; icon_color=\u00bbrgba(0,0,0,0)\u00bb open_icon_color=\u00bbrgba(0,0,0,0)\u00bb _builder_version=\u00bb4.16&#8243; _module_preset=\u00bbdefault\u00bb global_colors_info=\u00bb{}\u00bb open=\u00bboff\u00bb]<\/p>\n<ul>\n<li><a href=\"https:\/\/soib.es\/wp-content\/uploads\/2022\/03\/Llista-provisional-seleccio-MF0541_2-Oferta-842-07.03.22.pdf\" target=\"_blank\" rel=\"noopener\">Lista provisional personal formador MF0541_2 \u2013 Motores de combusti\u00f3n interna y m\u00e1quinas y equipos auxiliares del barco (Patr\u00f3n Portuario II)<\/a><\/li>\n<\/ul>\n<p><\/p>\n<p>Las personas interesadas disponen de 3 d\u00edas h\u00e1biles (hasta el 11\/03\/2022) para que puedan presentar alegaciones*.<\/p>\n<p><\/p>\n<p>(*) Las alegaciones se presentar\u00e1n por escrito dirigidas al centro de formaci\u00f3n SOIB Centre de la Mar, indicando el motivo de la alegaci\u00f3n. El documento se presentar\u00e1 por registro de entrada dentro del plazo establecido, en el centro de formaci\u00f3n SOIB Centro del Mar (Calle Ruiz y Pablo, 13, Ma\u00f3, 07702, Menorca) o en cualquier punto de la Administraci\u00f3n que act\u00fae como Registro General. La documentaci\u00f3n presentada debe enviarse por correo electr\u00f3nico, escaneada, a <a href=\"mailto:info@centredelamar.com\" target=\"_blank\" rel=\"noopener\"><span style=\"color: #cb023e;\">info@centredelamar.com<\/span><\/a><\/p>\n<p>[\/et_pb_accordion_item][et_pb_accordion_item title=\u00bbPublicada una oferta p\u00fablica para impartir un m\u00f3dulo formativo en el Centro de la Mar. Curso 2021-2022. Ref. 0842. Plazo de inscripci\u00f3n hasta 25\/02\/2022&#8243; icon_color=\u00bbrgba(0,0,0,0)\u00bb open_icon_color=\u00bbrgba(0,0,0,0)\u00bb _builder_version=\u00bb4.16&#8243; _module_preset=\u00bbdefault\u00bb global_colors_info=\u00bb{}\u00bb open=\u00bboff\u00bb]<\/p>\n<ul>\n<li>Docent MF0541_2 &#8211; Motores de combusti\u00f3n interna y m\u00e1quinas y equipos auxiliares del barco (Patr\u00f3n Portuario 2 &#8211; 90h). Ref. 0842<\/li>\n<\/ul>\n<p><\/p>\n<p>Puede consultar la oferta e inscribirse en el <a href=\"https:\/\/bit.ly\/SOIBofertespubliques\">buscador de ofertas p\u00fablicas<\/a> de la web www.soib.es hasta el 25\/02\/2022<\/p>\n<p>[\/et_pb_accordion_item][et_pb_accordion_item title=\u00bbPublicada la lista definitiva de personal formador por el m\u00f3dulo formativo MF0541_2 &#8211; Motores de combusti\u00f3n interna y m\u00e1quinas y equipos auxiliares del buque (Patr\u00f3n Portuario II). Oferta 4188 &#8211; OFERTA DESERTA\u00bb icon_color=\u00bbrgba(0,0,0,0)\u00bb open_icon_color=\u00bbrgba(0,0,0,0)\u00bb _builder_version=\u00bb4.16&#8243; _module_preset=\u00bbdefault\u00bb global_colors_info=\u00bb{}\u00bb open=\u00bboff\u00bb]<\/p>\n<ul>\n<li class=\"western\"><span style=\"color: #cb023e;\"><a style=\"color: #cb023e;\" href=\"https:\/\/soib.es\/wp-content\/uploads\/2022\/02\/Llista-final-seleccio-MF0541_2.pdf\" target=\"_blank\" rel=\"noopener\"><span style=\"font-family: Noto Sans, serif;\"><span lang=\"ca-ES\">Lista definitiva personal formador MF0541_2 \u2013 Motores de combusti\u00f3n interna y m\u00e1quinas y equipos auxiliares del barco<\/span><\/span><\/a><\/span><\/li>\n<\/ul>\n<p>[\/et_pb_accordion_item][et_pb_accordion_item title=\u00bbPublicada la lista definitiva de personal formador para la especialidad formativa SSCE02 &#8211; Ingl\u00e9s A2. Oferta 4628&#8243; icon_color=\u00bbrgba(0,0,0,0)\u00bb open_icon_color=\u00bbrgba(0,0,0,0)\u00bb _builder_version=\u00bb4.16&#8243; _module_preset=\u00bbdefault\u00bb global_colors_info=\u00bb{}\u00bb open=\u00bboff\u00bb]<\/p>\n<ul>\n<li class=\"western\"><span style=\"color: #cb023e;\"><a style=\"color: #cb023e;\" href=\"https:\/\/soib.es\/wp-content\/uploads\/2022\/01\/Llista-DEFINITIVAl-seleccio-SSCE02.pdf\" target=\"_blank\" rel=\"noopener\"><span style=\"font-family: Noto Sans, serif;\"><span lang=\"ca-ES\">Lista definitiva personal formador SSCE02 \u2013 Ingl\u00e9s A2<\/span><\/span><\/a><\/span><\/li>\n<\/ul>\n<p>[\/et_pb_accordion_item][et_pb_accordion_item title=\u00bbPublicada la lista provisional de personal formador para la especialidad formativa SSCE02 &#8211; Ingl\u00e9s A2. Oferta 4628. Alegaciones hasta el 20\/01\/2022&#8243; icon_color=\u00bbrgba(0,0,0,0)\u00bb open_icon_color=\u00bbrgba(0,0,0,0)\u00bb _builder_version=\u00bb4.16&#8243; _module_preset=\u00bbdefault\u00bb global_colors_info=\u00bb{}\u00bb open=\u00bboff\u00bb]<\/p>\n<ul>\n<li><a href=\"https:\/\/soib.es\/wp-content\/uploads\/2022\/01\/Llista-provisional-seleccio-SSCE02.pdf\" target=\"_blank\" rel=\"noopener\">Lista provisional personal formador SSCE02 \u2013 Ingl\u00e9s A2<\/a><\/li>\n<\/ul>\n<p><\/p>\n<p>Las personas interesadas disponen de 3 d\u00edas h\u00e1biles (hasta el 20\/01\/2022) para que puedan presentar alegaciones*.<\/p>\n<p><\/p>\n<p>(*) Las alegaciones se presentar\u00e1n por escrito dirigidas al centro de formaci\u00f3n SOIB Centre de la Mar, indicando el motivo de la alegaci\u00f3n. El documento se presentar\u00e1 con registro de entrada dentro del plazo establecido, en el centro de formaci\u00f3n SOIB Centro del Mar (Calle Ruiz y Pablo, 13, Ma\u00f3, 07702, Menorca) o en cualquier punto de la Administraci\u00f3n que act\u00fae como Registro General. La documentaci\u00f3n presentada debe enviarse por correo electr\u00f3nico, escaneada, a info@centredelamar.com<\/p>\n<p>[\/et_pb_accordion_item][et_pb_accordion_item title=\u00bbPublicada la lista provisional de personal formador por el m\u00f3dulo formativo MF0541_2 &#8211; Motores de combusti\u00f3n interna y m\u00e1quinas y equipos auxiliares del buque (Patr\u00f3n Portuario II). Oferta 4188. Alegaciones hasta el 20\/01\/2022&#8243; icon_color=\u00bbrgba(0,0,0,0)\u00bb open_icon_color=\u00bbrgba(0,0,0,0)\u00bb _builder_version=\u00bb4.16&#8243; _module_preset=\u00bbdefault\u00bb global_colors_info=\u00bb{}\u00bb open=\u00bboff\u00bb]<\/p>\n<ul>\n<li><a href=\"https:\/\/soib.es\/wp-content\/uploads\/2022\/01\/Llista-provisional-seleccio-MF0541_2.pdf\" target=\"_blank\" rel=\"noopener\">Lista provisional personal formador MF0541_2 \u2013 Motores de combusti\u00f3n interna y m\u00e1quinas y equipos auxiliares del barco<\/a><\/li>\n<\/ul>\n<p><\/p>\n<p>Las personas interesadas disponen de 3 d\u00edas h\u00e1biles (hasta el 20\/01\/2022) para que puedan presentar alegaciones*.<\/p>\n<p><\/p>\n<p>(*) Las alegaciones se presentar\u00e1n por escrito dirigidas al centro de formaci\u00f3n SOIB Centre de la Mar, indicando el motivo de la alegaci\u00f3n. El documento se presentar\u00e1 con registro de entrada dentro del plazo establecido, en el centro de formaci\u00f3n SOIB Centro del Mar (Calle Ruiz y Pablo, 13, Ma\u00f3, 07702, Menorca) o en cualquier punto de la Administraci\u00f3n que act\u00fae como Registro General. La documentaci\u00f3n presentada debe enviarse por correo electr\u00f3nico, escaneada, a info@centredelamar.com<\/p>\n<p>[\/et_pb_accordion_item][et_pb_accordion_item title=\u00bbPublicada una oferta p\u00fablica para impartir la especialidad formativa de Ingl\u00e9s nivel A2 (SSCE02) en el Centre de la Mar. Curso 2021-2022. Ref. 4628. Plazo de inscripci\u00f3n hasta 29\/12\/2021&#8243; icon_color=\u00bbrgba(0,0,0,0)\u00bb open_icon_color=\u00bbrgba(0,0,0,0)\u00bb _builder_version=\u00bb4.16&#8243; _module_preset=\u00bbdefault\u00bb global_colors_info=\u00bb{}\u00bb open=\u00bboff\u00bb]<\/p>\n<ul>\n<li>Docente Ingl\u00e9s A2 (SSCE02 \u2013 150 h). Ref. 4628<\/li>\n<\/ul>\n<p><\/p>\n<p>Puede consultar la oferta e inscribirse en el<a href=\"https:\/\/bit.ly\/SOIBofertespubliques\"> buscador de ofertas p\u00fablicas<\/a> de la web www.soib.es<\/p>\n<p>[\/et_pb_accordion_item][et_pb_accordion_item title=\u00bbPublicada la lista definitiva de personal formador por certificado profesional TMVU0111 \u2013 Pintura, reparaci\u00f3n y construcci\u00f3n de elementos de pl\u00e1stico reforzado con fibra de embarcaciones deportivas y de recreo (Oferta 4127).\u00bb icon_color=\u00bbrgba(0,0,0,0)\u00bb open_icon_color=\u00bbrgba(0,0,0,0)\u00bb _builder_version=\u00bb4.16&#8243; _module_preset=\u00bbdefault\u00bb global_colors_info=\u00bb{}\u00bb open=\u00bboff\u00bb]<\/p>\n<ul>\n<li><span style=\"color: #cb023e;\"><a style=\"color: #cb023e;\" href=\"https:\/\/soib.es\/wp-content\/uploads\/2021\/12\/Llista-DEFINITIVA-seleccio-TMVU0111-OF.-4127.pdf\" target=\"_blank\" rel=\"noopener\">Lista definitiva personal formador TMVU0111 &#8211; Pintura, reparaci\u00f3n y construcci\u00f3n de elementos de pl\u00e1stico reforzado con fibra de embarcaciones deportivas y de recreo<\/a><\/span><\/li>\n<\/ul>\n<p>[\/et_pb_accordion_item][et_pb_accordion_item title=\u00bbPublicada una oferta p\u00fablica para impartir un m\u00f3dulo formativo en el Centro de la Mar. Curso 2021-2022. Ref. 4188. Plazo de inscripci\u00f3n hasta 17\/12\/2021&#8243; icon_color=\u00bbrgba(0,0,0,0)\u00bb open_icon_color=\u00bbrgba(0,0,0,0)\u00bb _builder_version=\u00bb4.16&#8243; _module_preset=\u00bbdefault\u00bb global_colors_info=\u00bb{}\u00bb open=\u00bboff\u00bb]<\/p>\n<ul>\n<li>\n<p>Docent MF0541_2 &#8211; Motores de combusti\u00f3n interna y m\u00e1quinas y equipos auxiliares del barco (Patr\u00f3n Portuario 2 &#8211; 90h). Ref. 4188<\/p>\n<\/li>\n<\/ul>\n<p><\/p>\n<p>Puede consultar la oferta e inscribirse en el <a href=\"https:\/\/bit.ly\/SOIBofertespubliques\">buscador de ofertas p\u00fablicas<\/a> de la web www.soib.es<\/p>\n<p>[\/et_pb_accordion_item][et_pb_accordion_item title=\u00bbPublicadas las listas provisionales de personal formador por el certificado profesional TMVU0111 &#8211; Pintura, reparaci\u00f3n y construcci\u00f3n de elementos de pl\u00e1stico reforzado con fibra de embarcaciones deportivas y de recreo. Oferta 4127&#8243; icon_color=\u00bbrgba(0,0,0,0)\u00bb open_icon_color=\u00bbrgba(0,0,0,0)\u00bb _builder_version=\u00bb4.16&#8243; _module_preset=\u00bbdefault\u00bb global_colors_info=\u00bb{}\u00bb open=\u00bboff\u00bb]<\/p>\n<ul>\n<li><a href=\"https:\/\/soib.es\/wp-content\/uploads\/2021\/11\/Llista-provisional-seleccio-TMVU0111-OF.-4127-24.11.21-1.pdf\" target=\"_blank\" rel=\"noopener\">Lista provisional personal formador TMVU0111 &#8211; Pintura, reparaci\u00f3n y construcci\u00f3n de elementos de pl\u00e1stico reforzado con fibra de embarcaciones deportivas y de recreo<\/a><\/li>\n<\/ul>\n<p><\/p>\n<p>Las personas interesadas disponen de 3 d\u00edas h\u00e1biles (hasta el 29 de noviembre, incluido) para presentar reclamaciones.*<\/p>\n<p><\/p>\n<p>(*) Las alegaciones se presentar\u00e1n por escrito dirigidas al Centro del Mar, indicando el motivo de la alegaci\u00f3n. El documento se presentar\u00e1 con registro de entrada dentro del plazo establecido, en el Centro del Mar (Calle Ruiz y Pablo, 13. 07702 Ma\u00f3) o en cualquier <a href=\"https:\/\/www.caib.es\/sites\/atenciociutadania\/ca\/atencia_presencial_\/\">punto de la Administraci\u00f3n que act\u00fae como Registro General.<\/a> La documentaci\u00f3n presentada debe enviarse por correo electr\u00f3nico, escaneada, a info@centredelamar.com<\/p>\n<p>[\/et_pb_accordion_item][et_pb_accordion_item title=\u00bbPublicados los resultados definitivos de la selecci\u00f3n de personal formador por el certificado profesional TMVU0111 &#8211; Pintura, reparaci\u00f3n y construcci\u00f3n de elementos de pl\u00e1stico reforzado con fibra de embarcaciones deportivas y de recreo (Oferta 3688). OFERTA DESERTA\u00bb icon_color=\u00bbrgba(0,0,0,0)\u00bb open_icon_color=\u00bbrgba(0,0,0,0)\u00bb _builder_version=\u00bb4.16&#8243; _module_preset=\u00bbdefault\u00bb global_colors_info=\u00bb{}\u00bb open=\u00bboff\u00bb]<\/p>\n<p>OFERTA DESERTA por falta de personas candidatas que re\u00fanan los requisitos establecidos en el BOE n\u00fam. 224, de 18 de septiembre de 2013.<\/p>\n<p><\/p>\n<ul>\n<li><a href=\"https:\/\/soib.es\/wp-content\/uploads\/2021\/11\/Resultat-final-seleccio-TMVU0111-3688.pdf\" target=\"_blank\" rel=\"noopener\">Resultado definitivo del proceso de selecci\u00f3n de personal formador TMVU0111 &#8211; Pintura, reparaci\u00f3n y construcci\u00f3n de elementos de pl\u00e1stico reforzado con fibra de embarcaciones deportivas y de recreo &#8211; Oferta 3688 (enlace al pdf)<\/a><\/li>\n<\/ul>\n<p>[\/et_pb_accordion_item][et_pb_accordion_item title=\u00bbPublicada una oferta p\u00fablica para impartir un certificado de profesionalidad en el Centre de la Mar. Curso 2021-2022. Finalizado plazo de inscripci\u00f3n.\u00bb icon_color=\u00bbrgba(0,0,0,0)\u00bb open_icon_color=\u00bbrgba(0,0,0,0)\u00bb _builder_version=\u00bb4.16&#8243; _module_preset=\u00bbdefault\u00bb global_colors_info=\u00bb{}\u00bb open=\u00bboff\u00bb]<\/p>\n<ul>\n<li>Docent TMVU0111 &#8211; Pintura, reparaci\u00f3n y construcci\u00f3n de elementos de pl\u00e1stico reforzado con fibra de embarcaciones deportivas y de esparcimiento (Nivel 2 &#8211; 480 h). Ref. 4127<\/li>\n<\/ul>\n<p><\/p>\n<p>Puede consultar la oferta e inscribirse en el <a href=\"https:\/\/bit.ly\/SOIBofertespubliques\">buscador de ofertas p\u00fablicas<\/a> de la web www.soib.es<\/p>\n<p>[\/et_pb_accordion_item][et_pb_accordion_item title=\u00bbPublicada la lista definitiva de personal formador por el m\u00f3dulo formativo MF0233_2 Ofim\u00e1tica\u00bb icon_color=\u00bbrgba(0,0,0,0)\u00bb open_icon_color=\u00bbrgba(0,0,0,0)\u00bb _builder_version=\u00bb4.16&#8243; _module_preset=\u00bbdefault\u00bb global_colors_info=\u00bb{}\u00bb open=\u00bboff\u00bb]<\/p>\n<ul>\n<li class=\"western\"><a href=\"https:\/\/soib.es\/wp-content\/uploads\/2021\/10\/Llista-DEFINITIVA-seleccio-ofimatica-MF0233_21.pdf\" target=\"_blank\" rel=\"noopener\"><span style=\"font-family: Noto Sans, serif; color: #cb023e;\"><span lang=\"ca-ES\">Lista definitiva personal formador Ofim\u00e1tica (MF0233_2)<\/span><\/span><\/a><\/li>\n<\/ul>\n<p>[\/et_pb_accordion_item][et_pb_accordion_item title=\u00bbPublicada la lista provisional de personal formador por el CP TMVU0111 &#8211; Pintura, reparaci\u00f3n y construcci\u00f3n de elementos de pl\u00e1stico reforzado con fibra de embarcaciones deportivas. Oferta 3688&#8243; icon_color=\u00bbrgba(0,0,0,0)\u00bb open_icon_color=\u00bbrgba(0,0,0,0)\u00bb _builder_version=\u00bb4.16&#8243; _module_preset=\u00bbdefault\u00bb global_colors_info=\u00bb{}\u00bb open=\u00bboff\u00bb]<\/p>\n<ul>\n<li><a href=\"https:\/\/soib.es\/wp-content\/uploads\/2021\/10\/Llista-provisional-seleccio-TMVU01112.pdf\" target=\"_blank\" rel=\"noopener\">Lista provisional personal formador TMVU0111 &#8211; Pintura, reparaci\u00f3n y construcci\u00f3n de elementos de pl\u00e1stico reforzado con fibra de embarcaciones deportivas y de recreo<\/a><\/li>\n<\/ul>\n<p><\/p>\n<p>Las personas interesadas disponen de 3 d\u00edas h\u00e1biles (hasta el 29 de octubre, incluido) para presentar reclamaciones.*<\/p>\n<p><\/p>\n<p>(*) Las alegaciones se presentar\u00e1n por escrito dirigidas al Centro del Mar, indicando el motivo de la alegaci\u00f3n. El documento se presentar\u00e1 con registro de entrada dentro del plazo establecido, en el Centro del Mar (Calle Ruiz y Pablo, 13. 07702 Ma\u00f3) o en cualquier <a href=\"https:\/\/www.caib.es\/sites\/atenciociutadania\/ca\/atencia_presencial_\/\" target=\"_blank\" rel=\"noopener\">punto de la Administraci\u00f3n que act\u00fae como Registro General<\/a>. La documentaci\u00f3n presentada debe enviarse por correo electr\u00f3nico, escaneada, a info@centredelamar.com<\/p>\n<p>[\/et_pb_accordion_item][et_pb_accordion_item title=\u00bbPublicadas las listas definitivas de personal formador para impartir m\u00f3dulos formativos conducentes a la obtenci\u00f3n de Certificados de Profesionalidad\u00bb icon_color=\u00bbrgba(0,0,0,0)\u00bb open_icon_color=\u00bbrgba(0,0,0,0)\u00bb _builder_version=\u00bb4.16&#8243; _module_preset=\u00bbdefault\u00bb global_colors_info=\u00bb{}\u00bb open=\u00bboff\u00bb]<\/p>\n<ul>\n<li><a href=\"https:\/\/soib.es\/wp-content\/uploads\/2021\/10\/Llista-definitiva-seleccio-Patro-portuari-MF0539_2-I-MF0541_2.pdf\" target=\"_blank\" rel=\"noopener\">Lista definitiva personal formador Navegaci\u00f3n en aguas interiores y cercanas a la costa (MAPN051)<\/a><\/li>\n<li><a href=\"https:\/\/soib.es\/wp-content\/uploads\/2021\/09\/Llista-definitiva-seleccio-TMVU0110.pdf\" target=\"_blank\" rel=\"noopener\">Lista definitiva personal formador Operaciones auxiliares de mantenimiento de sistemas y equipos de embarcaciones deportivas y de recreo (TMVU0110)<\/a><\/li>\n<li><a href=\"https:\/\/soib.es\/wp-content\/uploads\/2021\/09\/Llista-definitiva-seleccio-TMVU0111.pdf\" target=\"_blank\" rel=\"noopener\">Lista definitiva personal formador Pintura, reparaci\u00f3n y construcci\u00f3n de elementos de pl\u00e1stico reforzado con fibra de embarcaciones deportivas y de recreo (TMVU0111)<\/a><\/li>\n<li><a href=\"https:\/\/soib.es\/wp-content\/uploads\/2021\/09\/Llista-definitiva-seleccio-ofimatica-MF0233_2.pdf\" target=\"_blank\" rel=\"noopener\">Lista definitiva personal formador Actividades de gesti\u00f3n administrativa (ADGD0308)<\/a><\/li>\n<li><a href=\"https:\/\/soib.es\/wp-content\/uploads\/2021\/09\/Llista-definitiva-seleccio-MAMD0209.pdf\" target=\"_blank\" rel=\"noopener\">Lista definitiva personal formador Trabajos de carpinter\u00eda y mueble (MAMD0209)<\/a><\/li>\n<li><a href=\"https:\/\/soib.es\/wp-content\/uploads\/2021\/09\/Llista-definitiva-seleccio-FORMACIO-DUAL-TMVU0112_212.pdf\" target=\"_blank\" rel=\"noopener\">Lista definitiva personal formador Mantenimiento de la planta propulsora, m\u00e1quinas y equipos auxiliares de embarcaciones deportivas y de recreoy Mantenimiento e instalaci\u00f3n de los sistemas el\u00e9ctricos y electr\u00f3nicos de embarcaciones deportivas y de recreo (TMVU0112 y TMVU0212)<\/a><\/li>\n<\/ul>\n<p>[\/et_pb_accordion_item][et_pb_accordion_item title=\u00bbPublicadas las listas definitivas de personal formador por las especialidades Retractilado de embarcaciones (TMVU02) y Operaciones auxiliares en varadero (TMVU01)\u00bb icon_color=\u00bbrgba(0,0,0,0)\u00bb open_icon_color=\u00bbrgba(0,0,0,0)\u00bb _builder_version=\u00bb4.16&#8243; _module_preset=\u00bbdefault\u00bb global_colors_info=\u00bb{}\u00bb open=\u00bboff\u00bb]<\/p>\n<ul>\n<li><a href=\"https:\/\/soib.es\/wp-content\/uploads\/2021\/10\/Llista-DEFINITIVA-Retractilat-dembarcacions.pdf\" target=\"_blank\" rel=\"noopener\">Lista definitiva personal formador TMVU02 &#8211; Retractilado de embarcaciones<\/a><\/li>\n<li><a href=\"https:\/\/soib.es\/wp-content\/uploads\/2021\/10\/Llista-DEFINITIVA-Op.-Aux.-Varadero.pdf\" target=\"_blank\" rel=\"noopener\">Lista definitiva personal formador TMVU01 &#8211; Operaciones auxiliares en varadero<\/a><\/li>\n<\/ul>\n<p>[\/et_pb_accordion_item][et_pb_accordion_item title=\u00bbFINALIZADO Publicada una oferta p\u00fablica para impartir un certificado de profesionalidad en el Centre de la Mar. Curso 2021-2022.\u00bb icon_color=\u00bbrgba(0,0,0,0)\u00bb open_icon_color=\u00bbrgba(0,0,0,0)\u00bb _builder_version=\u00bb4.16&#8243; _module_preset=\u00bbdefault\u00bb global_colors_info=\u00bb{}\u00bb open=\u00bboff\u00bb]<\/p>\n<ul>\n<li>\n<p>Docent TMVU0111 &#8211; Pintura, reparaci\u00f3n y construcci\u00f3n de elementos de pl\u00e1stico reforzado con fibra de embarcaciones deportivas y de esparcimiento (Nivel 2 &#8211; 480 h). Ref. 3688<\/p>\n<\/li>\n<\/ul>\n<p><\/p>\n<p>Puede consultar la oferta e inscribirse en el<a href=\"https:\/\/bit.ly\/SOIBofertespubliques\"> buscador de ofertas p\u00fablicas<\/a> de la web www.soib.es<\/p>\n<p>[\/et_pb_accordion_item][et_pb_accordion_item title=\u00bbPublicadas listas provisionales de personal formador para impartir especialidades formativas en el Centre de la Mar. Curso 2021-2022.\u00bb icon_color=\u00bbrgba(0,0,0,0)\u00bb open_icon_color=\u00bbrgba(0,0,0,0)\u00bb _builder_version=\u00bb4.16&#8243; _module_preset=\u00bbdefault\u00bb global_colors_info=\u00bb{}\u00bb open=\u00bboff\u00bb]<\/p>\n<ul>\n<li data-start=\"0\" data-end=\"150\"><a href=\"https:\/\/soib.es\/wp-content\/uploads\/2021\/10\/Llista-provisional-Retractilat-dembarcacions.pdf\" target=\"_blank\" rel=\"noopener\"><strong data-start=\"0\" data-end=\"71\">Lista provisional de docente TMVU02 &#8211; Retractilado de embarcaciones<\/strong><\/a><\/li>\n<li data-start=\"0\" data-end=\"150\"><a href=\"https:\/\/soib.es\/wp-content\/uploads\/2021\/10\/Llista-provisional-Op.-Aux.-Varadero.pdf\" target=\"_blank\" rel=\"noopener\"><strong data-start=\"74\" data-end=\"150\">Lista provisional de docente TMVU01 &#8211; Operaciones auxiliares en varadero<\/strong><\/a><\/li>\n<\/ul>\n<p><\/p>\n<p data-start=\"152\" data-end=\"272\">Las personas interesadas disponen de <strong data-start=\"189\" data-end=\"241\">3 d\u00edas h\u00e1biles (hasta el 7 de octubre, incluido)<\/strong> para presentar reclamaciones.*<\/p>\n<p><\/p>\n<p data-start=\"274\" data-end=\"729\">(*) Las alegaciones se presentar\u00e1n por escrito dirigidas al <strong data-start=\"334\" data-end=\"354\">Centre de la Mar<\/strong>, indicando el motivo de la alegaci\u00f3n. El documento se presentar\u00e1 con <strong data-start=\"424\" data-end=\"447\">registro de entrada<\/strong> dentro del plazo establecido, en el <strong data-start=\"484\" data-end=\"504\">Centre de la Mar<\/strong> (Carrer Ruiz i Pablo, 13. 07702 Ma\u00f3) o en cualquier <a href=\"https:\/\/www.caib.es\/sites\/atenciociutadania\/ca\/atencia_presencial_\/\">punto de la Administraci\u00f3n que act\u00fae como <strong data-start=\"599\" data-end=\"619\">Registro General<\/strong><\/a>. La documentaci\u00f3n presentada deber\u00e1 enviarse por correo electr\u00f3nico, escaneada, a <a href=\"mailto:info@centredelamar.com\" target=\"_blank\" rel=\"noopener\"><span style=\"color: #cb023e;\">info@centredelamar.com<\/span><\/a><\/p>\n<p>[\/et_pb_accordion_item][et_pb_accordion_item title=\u00bbPublicadas las listas definitivas de personal formador por las especialidades Alfabetizaci\u00f3n Inform\u00e1tica: Inform\u00e1tica e Internet (FCOI02) y Competencias Digitales para Formadores (SSCE20)\u00bb icon_color=\u00bbrgba(0,0,0,0)\u00bb open_icon_color=\u00bbrgba(0,0,0,0)\u00bb _builder_version=\u00bb4.16&#8243; _module_preset=\u00bbdefault\u00bb global_colors_info=\u00bb{}\u00bb open=\u00bboff\u00bb]<\/p>\n<ul>\n<li><a href=\"https:\/\/soib.es\/wp-content\/uploads\/2021\/09\/3.5.2.1.LLISTA-DEFINITIVA-Alfabetitzacio-informatica-Informatica-i-Internet-FCOI02.pdf\" target=\"_blank\" rel=\"noopener\">Lista definitiva de personal formador<strong> Alfabetizaci\u00f3n Inform\u00e1tica: Inform\u00e1tica e Internet<\/strong> (FCOI02)<\/a><\/li>\n<li><a href=\"https:\/\/soib.es\/wp-content\/uploads\/2021\/09\/3.5.2.2.LLISTA-DEFINITIVA-competencies-digitals-formadors-SSCE20.pdf\" target=\"_blank\" rel=\"noopener\">Lista definitiva de personal formador<strong> Competencias Digitales para Formadores<\/strong> (SSCE20)<\/a><\/li>\n<\/ul>\n<p>[\/et_pb_accordion_item][et_pb_accordion_item title=\u00bbFINALIZADO. Publicadas dos ofertas p\u00fablicas para impartir especialidades formativas en el Centre de la Mar. Curso 2021-2022.\u00bb icon_color=\u00bbrgba(0,0,0,0)\u00bb open_icon_color=\u00bbrgba(0,0,0,0)\u00bb _builder_version=\u00bb4.16&#8243; _module_preset=\u00bbdefault\u00bb global_colors_info=\u00bb{}\u00bb open=\u00bboff\u00bb]<\/p>\n<ul>\n<li>Docent TMVU02 &#8211; Retractilado de embarcaciones. Ref.2987<\/li>\n<li>Docent TMVU01 &#8211; Operaciones auxiliares en varadero. Ref.2989<\/li>\n<\/ul>\n<p>[\/et_pb_accordion_item][et_pb_accordion_item title=\u00bbFINALIZADO. Publicadas dos ofertas p\u00fablicas para impartir especialidades formativas en el Centre de la Mar. Curso 2021-2022.\u00bb icon_color=\u00bbrgba(0,0,0,0)\u00bb open_icon_color=\u00bbrgba(0,0,0,0)\u00bb _builder_version=\u00bb4.16&#8243; _module_preset=\u00bbdefault\u00bb global_colors_info=\u00bb{}\u00bb open=\u00bboff\u00bb]<\/p>\n<ul>\n<li class=\"western\" lang=\"es-ES\">Docent FCOI02, Alfabetizaci\u00f3n. Ref. 2742<\/li>\n<li class=\"western\" lang=\"es-ES\">Docent SSCE20, Competencias digitales para formadores. Ref. 2743<\/li>\n<\/ul>\n<p>[\/et_pb_accordion_item][et_pb_accordion_item title=\u00bbFINALIZADO. Proceso de selecci\u00f3n de personal formador de certificados de profesionalidad.\u00bb _builder_version=\u00bb4.16&#8243; _module_preset=\u00bbdefault\u00bb global_colors_info=\u00bb{}\u00bb open=\u00bboff\u00bb]<\/p>\n<div class=\"et_pb_toggle_content clearfix\">\n<ul>\n<li>\n<p data-start=\"48\" data-end=\"151\">Deb\u00e9is estar inscritos o inscritas en el Registro de Personas Formadoras de las Illes Balears (<a href=\"https:\/\/soib.es\/refoib\/\">REFOIB<\/a>).<\/p>\n<p data-start=\"153\" data-end=\"274\">\u00a0<\/p>\n<\/li>\n<li>\n<p data-start=\"153\" data-end=\"274\">Deb\u00e9is presentar el <a href=\"https:\/\/soib.es\/wp-content\/uploads\/2020\/09\/model-sollicitud-formadors-CP-1.odt\">modelo de solicitud del SOIB<\/a>. El plazo para presentar las solicitudes es el <strong data-start=\"249\" data-end=\"273\">20 de agosto de 2021<\/strong>.<\/p>\n<p data-start=\"276\" data-end=\"461\">\u00a0<\/p>\n<\/li>\n<li>\n<p data-start=\"276\" data-end=\"461\">Las solicitudes deben presentarse en el Registro Electr\u00f3nico Com\u00fan de la Administraci\u00f3n General del Estado a trav\u00e9s del punto de acceso general, o accediendo a <a href=\"https:\/\/apps.caib.es\/sites\/atenciociutadania\/ca\/registre_electranic\/\">la p\u00e1gina web de la CAIB.<\/a><\/p>\n<p data-start=\"463\" data-end=\"930\">No obstante, tambi\u00e9n se pueden presentar en el Registro de la sede del Centre de la Mar (Carrer Ruiz i Pablo, 13, 07703 Ma\u00f3, solicitando <a href=\"https:\/\/ac.fundaciobit.org\/citaregistro\/reservar-cita;lang=ct\">cita previa<\/a>) o en cualquiera de los registros que establece el art\u00edculo 16 de la <strong data-start=\"681\" data-end=\"713\">Ley 39\/2015, de 1 de octubre<\/strong>, del Procedimiento Administrativo Com\u00fan de las Administraciones P\u00fablicas, y el art\u00edculo 37 de la <strong data-start=\"811\" data-end=\"841\">Ley 3\/2003, de 26 de marzo<\/strong>, de r\u00e9gimen jur\u00eddico de la Administraci\u00f3n de la Comunidad Aut\u00f3noma de las Illes Balears.<\/p>\n<p data-start=\"932\" data-end=\"1153\">\u00a0<\/p>\n<\/li>\n<li>\n<p data-start=\"932\" data-end=\"1153\">Si la solicitud se presenta por medios no telem\u00e1ticos, la persona interesada deber\u00e1 enviarla escaneada, junto con la documentaci\u00f3n acreditativa de los m\u00e9ritos presentados, al correo electr\u00f3nico <a href=\"mailto:info@centredelamar.com\" target=\"_blank\" rel=\"noopener\"><span style=\"color: #cb023e;\">info@centredelamar.com<\/span><\/a><\/p>\n<p data-start=\"1155\" data-end=\"1232\">\u00a0<\/p>\n<\/li>\n<li>\n<p data-start=\"1155\" data-end=\"1232\">Deb\u00e9is adjuntar la documentaci\u00f3n indicada en los <a href=\"https:\/\/soib.es\/wp-content\/uploads\/2020\/09\/Criteris-baremacio-personal-formador.pdf\"><strong data-start=\"1204\" data-end=\"1231\">criterios de baremaci\u00f3n<\/strong>.<\/a><\/p>\n<p data-start=\"1234\" data-end=\"1337\">\u00a0<\/p>\n<\/li>\n<li>\n<p data-start=\"1234\" data-end=\"1337\">En caso de empate, se establecen los siguientes criterios de desempate, que se comprobar\u00e1n de oficio:<\/p>\n<ul data-start=\"1338\" data-end=\"1556\">\n<li data-start=\"1338\" data-end=\"1391\">\n<p data-start=\"1340\" data-end=\"1391\">En primer lugar, estar en situaci\u00f3n de desempleo.<\/p>\n<\/li>\n<li data-start=\"1392\" data-end=\"1424\">\n<p data-start=\"1394\" data-end=\"1424\">En segundo lugar, ser mujer.<\/p>\n<\/li>\n<li data-start=\"1425\" data-end=\"1556\">\n<p data-start=\"1427\" data-end=\"1556\">En tercer lugar, la persona de mayor edad.<br data-start=\"1469\" data-end=\"1472\" \/>Si el empate contin\u00faa, se resolver\u00e1 finalmente por orden de entrada de la solicitud.<\/p>\n<\/li>\n<\/ul>\n<p data-start=\"1558\" data-end=\"1858\">\u00a0<\/p>\n<\/li>\n<li>\n<p data-start=\"1558\" data-end=\"1858\">Los listados provisionales se publicar\u00e1n en la web <strong data-start=\"1609\" data-end=\"1624\"><a class=\"decorated-link\" href=\"https:\/\/www.soib.es\" target=\"_new\" rel=\"noopener\" data-start=\"1611\" data-end=\"1622\">www.soib.es<\/a><\/strong> y en redes sociales. Las personas interesadas dispondr\u00e1n de <strong data-start=\"1685\" data-end=\"1703\">3 d\u00edas h\u00e1biles<\/strong> para presentar reclamaciones.* Tras resolver las reclamaciones mencionadas, se publicar\u00e1n los listados definitivos en los canales indicados anteriormente.<\/p>\n<p data-start=\"1860\" data-end=\"2315\">(*) Las alegaciones se presentar\u00e1n por escrito dirigidas al <strong data-start=\"1920\" data-end=\"1940\">Centre de la Mar<\/strong>, indicando el motivo de la alegaci\u00f3n. El documento se presentar\u00e1 con <strong data-start=\"2010\" data-end=\"2033\">registro de entrada<\/strong> dentro del plazo establecido, en el <strong data-start=\"2070\" data-end=\"2090\">Centre de la Mar<\/strong> (Carrer Ruiz i Pablo, 13. 07702 Ma\u00f3) o en cualquier <a href=\"https:\/\/www.caib.es\/sites\/atenciociutadania\/ca\/atencia_presencial_\/\">punto de la Administraci\u00f3n que act\u00fae como <strong data-start=\"2185\" data-end=\"2205\">Registro General<\/strong><\/a>. La documentaci\u00f3n presentada deber\u00e1 enviarse por correo electr\u00f3nico, escaneada, a <a href=\"mailto:info@centredelamar.com\" target=\"_blank\" rel=\"noopener\"><span style=\"color: #cb023e;\">info@centredelamar.com<\/span><\/a><\/p>\n<p data-start=\"2317\" data-end=\"2639\"><a href=\"https:\/\/soib.es\/wp-content\/uploads\/2021\/08\/IMP_Resolucio_seleccio_docents_Centre_de_la_Mar.pdf\" target=\"_blank\" rel=\"noopener\"><strong data-start=\"2317\" data-end=\"2639\">Resoluci\u00f3n del conseller de Modelo Econ\u00f3mico, Turismo y Trabajo y presidente del SOIB por la que se convoca un proceso para confeccionar las listas, baremar, seleccionar y contratar personal formador para impartir los diferentes m\u00f3dulos de certificados de profesionalidad en el centro propio del SOIB Centre de la Mar.<\/strong><\/a><\/p>\n<\/li>\n<\/ul>\n<\/div>\n<p>[\/et_pb_accordion_item][et_pb_accordion_item title=\u00bbM\u00f3dulos de los certificados de profesionalidad que se impartir\u00e1n. Curso 2021-2022&#8243; _builder_version=\u00bb4.16&#8243; _module_preset=\u00bbdefault\u00bb global_colors_info=\u00bb{}\u00bb open=\u00bboff\u00bb]<\/p>\n<table width=\"794\" cellspacing=\"0\" cellpadding=\"9\">\n<tbody>\n<tr valign=\"top\">\n<td width=\"95\">\n<p lang=\"ca-ES\"><span style=\"color: #000000;\"><span style=\"font-family: LegacySanITCBoo, serif;\"><span style=\"font-size: medium;\"><span style=\"font-family: Calibri, serif;\"><span style=\"font-size: small;\">CODI <\/span><\/span><\/span><\/span><\/span><span style=\"color: #000000;\"><span style=\"font-family: LegacySanITCBoo, serif;\"><span style=\"font-size: medium;\"><span style=\"font-family: Calibri, serif;\"><span style=\"font-size: small;\">M\u00f2dul\u00a0<\/span><\/span><\/span><\/span><\/span><\/p>\n<\/td>\n<td width=\"367\">\n<p lang=\"ca-ES\"><span style=\"color: #000000;\"><span style=\"font-family: LegacySanITCBoo, serif;\"><span style=\"font-size: medium;\"><span style=\"font-family: Calibri, serif;\"><span style=\"font-size: small;\">DENOMINACI\u00d3<\/span><\/span><\/span><\/span><\/span><\/p>\n<\/td>\n<td width=\"65\">\n<p lang=\"ca-ES\"><span style=\"color: #000000;\"><span style=\"font-family: LegacySanITCBoo, serif;\"><span style=\"font-size: medium;\"><span style=\"font-family: Calibri, serif;\"><span style=\"font-size: small;\">HORES<\/span><\/span><\/span><\/span><\/span><\/p>\n<\/td>\n<td width=\"88\">\n<p lang=\"ca-ES\"><span style=\"color: #000000;\"><span style=\"font-family: LegacySanITCBoo, serif;\"><span style=\"font-size: medium;\"><span style=\"font-family: Calibri, serif;\"><span style=\"font-size: small;\">DATA INICI<\/span><\/span><\/span><\/span><\/span><\/p>\n<\/td>\n<td width=\"87\">\n<p lang=\"ca-ES\"><span style=\"color: #000000;\"><span style=\"font-family: LegacySanITCBoo, serif;\"><span style=\"font-size: medium;\"><span style=\"font-family: Calibri, serif;\"><span style=\"font-size: small;\">DATA FINAL<\/span><\/span><\/span><\/span><\/span><\/p>\n<\/td>\n<\/tr>\n<tr valign=\"top\">\n<td width=\"95\">\n<p lang=\"ca-ES\"><span style=\"color: #000000;\"><span style=\"font-family: LegacySanITCBoo, serif;\"><span style=\"font-size: medium;\"><span style=\"font-family: Calibri, serif;\"><span style=\"font-size: small;\">MF0620_1<\/span><\/span><\/span><\/span><\/span><\/p>\n<\/td>\n<td width=\"367\">\n<p lang=\"ca-ES\"><span style=\"color: #000000;\"><span style=\"font-family: LegacySanITCBoo, serif;\"><span style=\"font-size: medium;\"><span style=\"font-family: Calibri, serif;\"><span style=\"font-size: small;\">Mecanitzaci\u00f3 b\u00e0sica\u00a0<\/span><\/span><\/span><\/span><\/span><\/p>\n<\/td>\n<td width=\"65\">\n<p lang=\"ca-ES\"><span style=\"color: #000000;\"><span style=\"font-family: LegacySanITCBoo, serif;\"><span style=\"font-size: medium;\"><span style=\"font-family: Calibri, serif;\"><span style=\"font-size: small;\">90<\/span><\/span><\/span><\/span><\/span><\/p>\n<\/td>\n<td width=\"88\">\n<p lang=\"ca-ES\"><span style=\"color: #000000;\"><span style=\"font-family: LegacySanITCBoo, serif;\"><span style=\"font-size: medium;\"><span style=\"font-family: Calibri, serif;\"><span style=\"font-size: small;\">10\/01\/2022<\/span><\/span><\/span><\/span><\/span><\/p>\n<\/td>\n<td width=\"87\">\n<p lang=\"ca-ES\"><span style=\"color: #000000;\"><span style=\"font-family: LegacySanITCBoo, serif;\"><span style=\"font-size: medium;\"><span style=\"font-family: Calibri, serif;\"><span style=\"font-size: small;\">31\/01\/2022<\/span><\/span><\/span><\/span><\/span><\/p>\n<\/td>\n<\/tr>\n<tr valign=\"top\">\n<td width=\"95\">\n<p lang=\"ca-ES\"><span style=\"color: #000000;\"><span style=\"font-family: LegacySanITCBoo, serif;\"><span style=\"font-size: medium;\"><span style=\"font-family: Calibri, serif;\"><span style=\"font-size: small;\">MF1458_1<\/span><\/span><\/span><\/span><\/span><\/p>\n<\/td>\n<td width=\"367\">\n<p lang=\"ca-ES\"><span style=\"color: #000000;\"><span style=\"font-family: LegacySanITCBoo, serif;\"><span style=\"font-size: medium;\"><span style=\"font-family: Calibri, serif;\"><span style=\"font-size: small;\">Manteniment b\u00e0sic de la planta propulsar m\u00e0quines i equips associats instal\u00b7lats en embarcacions esportives d\u2019esbarjo<\/span><\/span><\/span><\/span><\/span><\/p>\n<\/td>\n<td width=\"65\">\n<p lang=\"ca-ES\"><span style=\"color: #000000;\"><span style=\"font-family: LegacySanITCBoo, serif;\"><span style=\"font-size: medium;\"><span style=\"font-family: Calibri, serif;\"><span style=\"font-size: small;\">120<\/span><\/span><\/span><\/span><\/span><\/p>\n<\/td>\n<td width=\"88\">\n<p lang=\"ca-ES\"><span style=\"color: #000000;\"><span style=\"font-family: LegacySanITCBoo, serif;\"><span style=\"font-size: medium;\"><span style=\"font-family: Calibri, serif;\"><span style=\"font-size: small;\">01\/02\/2022<\/span><\/span><\/span><\/span><\/span><\/p>\n<\/td>\n<td width=\"87\">\n<p lang=\"ca-ES\"><span style=\"color: #000000;\"><span style=\"font-family: LegacySanITCBoo, serif;\"><span style=\"font-size: medium;\"><span style=\"font-family: Calibri, serif;\"><span style=\"font-size: small;\">28\/02\/2022<\/span><\/span><\/span><\/span><\/span><\/p>\n<\/td>\n<\/tr>\n<tr valign=\"top\">\n<td width=\"95\">\n<p lang=\"ca-ES\"><span style=\"color: #000000;\"><span style=\"font-family: LegacySanITCBoo, serif;\"><span style=\"font-size: medium;\"><span style=\"font-family: Calibri, serif;\"><span style=\"font-size: small;\">MF1459_1<\/span><\/span><\/span><\/span><\/span><\/p>\n<\/td>\n<td width=\"367\">\n<p lang=\"ca-ES\"><span style=\"color: #000000;\"><span style=\"font-family: LegacySanITCBoo, serif;\"><span style=\"font-size: medium;\"><span style=\"font-family: Calibri, serif;\"><span style=\"font-size: small;\">Manteniment b\u00e0sic dels sistemes el\u00e8ctrics i electr\u00f2nics d\u2019embarcacions esportives d\u2019esbarjo<\/span><\/span><\/span><\/span><\/span><\/p>\n<\/td>\n<td width=\"65\">\n<p lang=\"ca-ES\"><span style=\"color: #000000;\"><span style=\"font-family: LegacySanITCBoo, serif;\"><span style=\"font-size: medium;\"><span style=\"font-family: Calibri, serif;\"><span style=\"font-size: small;\">70<\/span><\/span><\/span><\/span><\/span><\/p>\n<\/td>\n<td width=\"88\">\n<p lang=\"ca-ES\"><span style=\"color: #000000;\"><span style=\"font-family: LegacySanITCBoo, serif;\"><span style=\"font-size: medium;\"><span style=\"font-family: Calibri, serif;\"><span style=\"font-size: small;\">02\/03\/2022<\/span><\/span><\/span><\/span><\/span><\/p>\n<\/td>\n<td width=\"87\">\n<p lang=\"ca-ES\"><span style=\"color: #000000;\"><span style=\"font-family: LegacySanITCBoo, serif;\"><span style=\"font-size: medium;\"><span style=\"font-family: Calibri, serif;\"><span style=\"font-size: small;\">17\/03\/2022<\/span><\/span><\/span><\/span><\/span><\/p>\n<\/td>\n<\/tr>\n<tr valign=\"top\">\n<td width=\"95\">\n<p lang=\"ca-ES\"><span style=\"color: #000000;\"><span style=\"font-family: LegacySanITCBoo, serif;\"><span style=\"font-size: medium;\"><span style=\"font-family: Calibri, serif;\"><span style=\"font-size: small;\">MF1460_1<\/span><\/span><\/span><\/span><\/span><\/p>\n<\/td>\n<td width=\"367\">\n<p lang=\"ca-ES\"><span style=\"color: #000000;\"><span style=\"font-family: LegacySanITCBoo, serif;\"><span style=\"font-size: medium;\"><span style=\"font-family: Calibri, serif;\"><span style=\"font-size: small;\">Manteniment b\u00e0sic d&#8217;aparells d\u2019embarcacions esportives d\u2019esbarjo<\/span><\/span><\/span><\/span><\/span><\/p>\n<\/td>\n<td width=\"65\">\n<p lang=\"ca-ES\"><span style=\"color: #000000;\"><span style=\"font-family: LegacySanITCBoo, serif;\"><span style=\"font-size: medium;\"><span style=\"font-family: Calibri, serif;\"><span style=\"font-size: small;\">70<\/span><\/span><\/span><\/span><\/span><\/p>\n<\/td>\n<td width=\"88\">\n<p lang=\"ca-ES\"><span style=\"color: #000000;\"><span style=\"font-family: LegacySanITCBoo, serif;\"><span style=\"font-size: medium;\"><span style=\"font-family: Calibri, serif;\"><span style=\"font-size: small;\">17\/03\/2022<\/span><\/span><\/span><\/span><\/span><\/p>\n<\/td>\n<td width=\"87\">\n<p lang=\"ca-ES\"><span style=\"color: #000000;\"><span style=\"font-family: LegacySanITCBoo, serif;\"><span style=\"font-size: medium;\"><span style=\"font-family: Calibri, serif;\"><span style=\"font-size: small;\">04\/04\/2022<\/span><\/span><\/span><\/span><\/span><\/p>\n<\/td>\n<\/tr>\n<tr valign=\"top\">\n<td width=\"95\" height=\"36\">\n<p lang=\"ca-ES\"><span style=\"color: #000000;\"><span style=\"font-family: LegacySanITCBoo, serif;\"><span style=\"font-size: medium;\"><span style=\"font-family: Calibri, serif;\"><span style=\"font-size: small;\">MP0345<\/span><\/span><\/span><\/span><\/span><\/p>\n<\/td>\n<td width=\"367\">\n<p lang=\"ca-ES\"><span style=\"color: #000000;\"><span style=\"font-family: LegacySanITCBoo, serif;\"><span style=\"font-size: medium;\"><span style=\"font-family: Calibri, serif;\"><span style=\"font-size: small;\">M\u00f2dul de pr\u00e0ctiques professionals no laborals<\/span><\/span><\/span><\/span><\/span><\/p>\n<\/td>\n<td width=\"65\">\n<p lang=\"ca-ES\"><span style=\"color: #000000;\"><span style=\"font-family: LegacySanITCBoo, serif;\"><span style=\"font-size: medium;\"><span style=\"font-family: Calibri, serif;\"><span style=\"font-size: small;\">40<\/span><\/span><\/span><\/span><\/span><\/p>\n<\/td>\n<td width=\"88\">\n<p lang=\"ca-ES\"><span style=\"color: #000000;\"><span style=\"font-family: LegacySanITCBoo, serif;\"><span style=\"font-size: medium;\"><span style=\"font-family: Calibri, serif;\"><span style=\"font-size: small;\">25\/04\/2022<\/span><\/span><\/span><\/span><\/span><\/p>\n<\/td>\n<td width=\"87\">\u00a0<\/td>\n<\/tr>\n<tr valign=\"top\">\n<td width=\"95\">\n<p lang=\"ca-ES\"><span style=\"color: #000000;\"><span style=\"font-family: LegacySanITCBoo, serif;\"><span style=\"font-size: medium;\"><span style=\"font-family: Calibri, serif;\"><span style=\"font-size: small;\">MF1841_2<\/span><\/span><\/span><\/span><\/span><\/p>\n<\/td>\n<td width=\"367\">\n<p lang=\"ca-ES\"><span style=\"color: #000000;\"><span style=\"font-family: LegacySanITCBoo, serif;\"><span style=\"font-size: medium;\"><span style=\"font-family: Calibri, serif;\"><span style=\"font-size: small;\">Preparaci\u00f3 i protecci\u00f3 de superf\u00edcies d\u2019embarcacions esportives i d\u2019esbarjo.\u00a0\u00a0<\/span><\/span><\/span><\/span><\/span><\/p>\n<\/td>\n<td width=\"65\">\n<p lang=\"ca-ES\"><span style=\"color: #000000;\"><span style=\"font-family: LegacySanITCBoo, serif;\"><span style=\"font-size: medium;\"><span style=\"font-family: Calibri, serif;\"><span style=\"font-size: small;\">100<\/span><\/span><\/span><\/span><\/span><\/p>\n<\/td>\n<td width=\"88\">\n<p lang=\"ca-ES\"><span style=\"color: #000000;\"><span style=\"font-family: LegacySanITCBoo, serif;\"><span style=\"font-size: medium;\"><span style=\"font-family: Calibri, serif;\"><span style=\"font-size: small;\">18\/10\/2021<\/span><\/span><\/span><\/span><\/span><\/p>\n<\/td>\n<td width=\"87\">\n<p lang=\"ca-ES\"><span style=\"color: #000000;\"><span style=\"font-family: LegacySanITCBoo, serif;\"><span style=\"font-size: medium;\"><span style=\"font-family: Calibri, serif;\"><span style=\"font-size: small;\">10\/11\/2021<\/span><\/span><\/span><\/span><\/span><\/p>\n<\/td>\n<\/tr>\n<tr valign=\"top\">\n<td width=\"95\">\n<p lang=\"ca-ES\"><span style=\"color: #000000;\"><span style=\"font-family: LegacySanITCBoo, serif;\"><span style=\"font-size: medium;\"><span style=\"font-family: Calibri, serif;\"><span style=\"font-size: small;\">MF1842_2<\/span><\/span><\/span><\/span><\/span><\/p>\n<\/td>\n<td width=\"367\">\n<p lang=\"ca-ES\"><span style=\"color: #000000;\"><span style=\"font-family: LegacySanITCBoo, serif;\"><span style=\"font-size: medium;\"><span style=\"font-family: Calibri, serif;\"><span style=\"font-size: small;\">Operacions d\u2019acabat de superf\u00edcies de l&#8217;obra morta coberta, superestructura arboradura d\u2019embarcacions esportives i d\u2019esbarjo.\u00a0<\/span><\/span><\/span><\/span><\/span><\/p>\n<\/td>\n<td width=\"65\">\n<p lang=\"ca-ES\"><span style=\"color: #000000;\"><span style=\"font-family: LegacySanITCBoo, serif;\"><span style=\"font-size: medium;\"><span style=\"font-family: Calibri, serif;\"><span style=\"font-size: small;\">120<\/span><\/span><\/span><\/span><\/span><\/p>\n<\/td>\n<td width=\"88\">\n<p lang=\"ca-ES\"><span style=\"color: #000000;\"><span style=\"font-family: LegacySanITCBoo, serif;\"><span style=\"font-size: medium;\"><span style=\"font-family: Calibri, serif;\"><span style=\"font-size: small;\">10\/11\/2021<\/span><\/span><\/span><\/span><\/span><\/p>\n<\/td>\n<td width=\"87\">\n<p lang=\"ca-ES\"><span style=\"color: #000000;\"><span style=\"font-family: LegacySanITCBoo, serif;\"><span style=\"font-size: medium;\"><span style=\"font-family: Calibri, serif;\"><span style=\"font-size: small;\">13\/12\/2021<\/span><\/span><\/span><\/span><\/span><\/p>\n<\/td>\n<\/tr>\n<tr valign=\"top\">\n<td width=\"95\">\n<p lang=\"ca-ES\"><span style=\"color: #000000;\"><span style=\"font-family: LegacySanITCBoo, serif;\"><span style=\"font-size: medium;\"><span style=\"font-family: Calibri, serif;\"><span style=\"font-size: small;\">MF1843_2<\/span><\/span><\/span><\/span><\/span><\/p>\n<\/td>\n<td width=\"367\">\n<p lang=\"ca-ES\"><span style=\"color: #000000;\"><span style=\"font-family: LegacySanITCBoo, serif;\"><span style=\"font-size: medium;\"><span style=\"font-family: Calibri, serif;\"><span style=\"font-size: small;\">Reparacions d\u2019elements de pl\u00e0stics refor\u00e7ats amb fibra d\u2019embarcacions esportives i d&#8217;esbarjo.\u00a0<\/span><\/span><\/span><\/span><\/span><\/p>\n<\/td>\n<td width=\"65\">\n<p lang=\"ca-ES\"><span style=\"color: #000000;\"><span style=\"font-family: LegacySanITCBoo, serif;\"><span style=\"font-size: medium;\"><span style=\"font-family: Calibri, serif;\"><span style=\"font-size: small;\">90<\/span><\/span><\/span><\/span><\/span><\/p>\n<\/td>\n<td width=\"88\">\n<p lang=\"ca-ES\"><span style=\"color: #000000;\"><span style=\"font-family: LegacySanITCBoo, serif;\"><span style=\"font-size: medium;\"><span style=\"font-family: Calibri, serif;\"><span style=\"font-size: small;\">13\/12\/2021<\/span><\/span><\/span><\/span><\/span><\/p>\n<\/td>\n<td width=\"87\">\n<p lang=\"ca-ES\"><span style=\"color: #000000;\"><span style=\"font-family: LegacySanITCBoo, serif;\"><span style=\"font-size: medium;\"><span style=\"font-family: Calibri, serif;\"><span style=\"font-size: small;\">19\/01\/2022<\/span><\/span><\/span><\/span><\/span><\/p>\n<\/td>\n<\/tr>\n<tr valign=\"top\">\n<td width=\"95\">\n<p lang=\"ca-ES\"><span style=\"color: #000000;\"><span style=\"font-family: LegacySanITCBoo, serif;\"><span style=\"font-size: medium;\"><span style=\"font-family: Calibri, serif;\"><span style=\"font-size: small;\">MF 1844_2<\/span><\/span><\/span><\/span><\/span><\/p>\n<\/td>\n<td width=\"367\">\n<p lang=\"ca-ES\"><span style=\"color: #000000;\"><span style=\"font-family: LegacySanITCBoo, serif;\"><span style=\"font-size: medium;\"><span style=\"font-family: Calibri, serif;\"><span style=\"font-size: small;\">Construcci\u00f3 adaptaci\u00f3 i muntatge de peces i estructura de pl\u00e0stic refor\u00e7at amb fibra d\u2019embarcacions esportives i d\u2019esbarjo.<\/span><\/span><\/span><\/span><\/span><\/p>\n<\/td>\n<td width=\"65\">\n<p lang=\"ca-ES\"><span style=\"color: #000000;\"><span style=\"font-family: LegacySanITCBoo, serif;\"><span style=\"font-size: medium;\"><span style=\"font-family: Calibri, serif;\"><span style=\"font-size: small;\">90<\/span><\/span><\/span><\/span><\/span><\/p>\n<\/td>\n<td width=\"88\">\n<p lang=\"ca-ES\"><span style=\"color: #000000;\"><span style=\"font-family: LegacySanITCBoo, serif;\"><span style=\"font-size: medium;\"><span style=\"font-family: Calibri, serif;\"><span style=\"font-size: small;\">19\/01\/2022<\/span><\/span><\/span><\/span><\/span><\/p>\n<\/td>\n<td width=\"87\">\n<p lang=\"ca-ES\"><span style=\"color: #000000;\"><span style=\"font-family: LegacySanITCBoo, serif;\"><span style=\"font-size: medium;\"><span style=\"font-family: Calibri, serif;\"><span style=\"font-size: small;\">09\/02\/2022<\/span><\/span><\/span><\/span><\/span><\/p>\n<\/td>\n<\/tr>\n<tr valign=\"top\">\n<td width=\"95\">\n<p lang=\"ca-ES\"><span style=\"color: #000000;\"><span style=\"font-family: LegacySanITCBoo, serif;\"><span style=\"font-size: medium;\"><span style=\"font-family: Calibri, serif;\"><span style=\"font-size: small;\">MP0474<\/span><\/span><\/span><\/span><\/span><\/p>\n<\/td>\n<td width=\"367\">\n<p lang=\"ca-ES\"><span style=\"color: #000000;\"><span style=\"font-family: LegacySanITCBoo, serif;\"><span style=\"font-size: medium;\"><span style=\"font-family: Calibri, serif;\"><span style=\"font-size: small;\">M\u00f2dul de pr\u00e0ctiques professionals no laborals.\u00a0<\/span><\/span><\/span><\/span><\/span><\/p>\n<\/td>\n<td width=\"65\">\n<p lang=\"ca-ES\"><span style=\"color: #000000;\"><span style=\"font-family: LegacySanITCBoo, serif;\"><span style=\"font-size: medium;\"><span style=\"font-family: Calibri, serif;\"><span style=\"font-size: small;\">80<\/span><\/span><\/span><\/span><\/span><\/p>\n<\/td>\n<td width=\"88\">\n<p lang=\"ca-ES\"><span style=\"color: #000000;\"><span style=\"font-family: LegacySanITCBoo, serif;\"><span style=\"font-size: medium;\"><span style=\"font-family: Calibri, serif;\"><span style=\"font-size: small;\">14\/02\/2022<\/span><\/span><\/span><\/span><\/span><\/p>\n<\/td>\n<td width=\"87\">\u00a0<\/td>\n<\/tr>\n<tr valign=\"top\">\n<td width=\"95\">\n<p lang=\"ca-ES\"><span style=\"color: #000000;\"><span style=\"font-family: LegacySanITCBoo, serif;\"><span style=\"font-size: medium;\"><span style=\"font-family: Calibri, serif;\"><span style=\"font-size: small;\">MF0539_2<\/span><\/span><\/span><\/span><\/span><\/p>\n<\/td>\n<td width=\"367\">\n<p lang=\"ca-ES\"><span style=\"color: #000000;\"><span style=\"font-family: LegacySanITCBoo, serif;\"><span style=\"font-size: medium;\"><span style=\"font-family: Calibri, serif;\"><span style=\"font-size: small;\">Navegaci\u00f3 i comunicacions del vaixell (Patr\u00f3 portuari 1)<\/span><\/span><\/span><\/span><\/span><\/p>\n<\/td>\n<td width=\"65\">\n<p lang=\"ca-ES\"><span style=\"color: #000000;\"><span style=\"font-family: LegacySanITCBoo, serif;\"><span style=\"font-size: medium;\"><span style=\"font-family: Calibri, serif;\"><span style=\"font-size: small;\">182<\/span><\/span><\/span><\/span><\/span><\/p>\n<\/td>\n<td width=\"88\">\n<p lang=\"ca-ES\"><span style=\"color: #000000;\"><span style=\"font-family: LegacySanITCBoo, serif;\"><span style=\"font-size: medium;\"><span style=\"font-family: Calibri, serif;\"><span style=\"font-size: small;\">04\/10\/2021<\/span><\/span><\/span><\/span><\/span><\/p>\n<\/td>\n<td width=\"87\">\n<p lang=\"ca-ES\"><span style=\"color: #000000;\"><span style=\"font-family: LegacySanITCBoo, serif;\"><span style=\"font-size: medium;\"><span style=\"font-family: Calibri, serif;\"><span style=\"font-size: small;\">17\/11\/2021<\/span><\/span><\/span><\/span><\/span><\/p>\n<\/td>\n<\/tr>\n<tr valign=\"top\">\n<td width=\"95\">\n<p lang=\"ca-ES\"><span style=\"color: #000000;\"><span style=\"font-family: LegacySanITCBoo, serif;\"><span style=\"font-size: medium;\"><span style=\"font-family: Calibri, serif;\"><span style=\"font-size: small;\">MF0541_1<\/span><\/span><\/span><\/span><\/span><\/p>\n<\/td>\n<td width=\"367\">\n<p lang=\"ca-ES\"><span style=\"color: #000000;\"><span style=\"font-family: LegacySanITCBoo, serif;\"><span style=\"font-size: medium;\"><span style=\"font-family: Calibri, serif;\"><span style=\"font-size: small;\">Motors de combusti\u00f3 interna i m\u00e0quines i equips auxiliars del vaixell (Patr\u00f3 portuari 2)<\/span><\/span><\/span><\/span><\/span><\/p>\n<\/td>\n<td width=\"65\">\n<p lang=\"ca-ES\"><span style=\"color: #000000;\"><span style=\"font-family: LegacySanITCBoo, serif;\"><span style=\"font-size: medium;\"><span style=\"font-family: Calibri, serif;\"><span style=\"font-size: small;\">90<\/span><\/span><\/span><\/span><\/span><\/p>\n<\/td>\n<td width=\"88\">\n<p lang=\"ca-ES\"><span style=\"color: #000000;\"><span style=\"font-family: LegacySanITCBoo, serif;\"><span style=\"font-size: medium;\"><span style=\"font-family: Calibri, serif;\"><span style=\"font-size: small;\">22\/11\/2021<\/span><\/span><\/span><\/span><\/span><\/p>\n<\/td>\n<td width=\"87\">\n<p lang=\"ca-ES\"><span style=\"color: #000000;\"><span style=\"font-family: LegacySanITCBoo, serif;\"><span style=\"font-size: medium;\"><span style=\"font-family: Calibri, serif;\"><span style=\"font-size: small;\">15\/12\/2021<\/span><\/span><\/span><\/span><\/span><\/p>\n<\/td>\n<\/tr>\n<tr valign=\"top\">\n<td width=\"95\">\n<p lang=\"ca-ES\"><span style=\"color: #000000;\"><span style=\"font-family: LegacySanITCBoo, serif;\"><span style=\"font-size: medium;\"><span style=\"font-family: Calibri, serif;\"><span style=\"font-size: small;\">MF0233_2<\/span><\/span><\/span><\/span><\/span><\/p>\n<\/td>\n<td width=\"367\">\n<p lang=\"ca-ES\"><span style=\"color: #000000;\"><span style=\"font-family: LegacySanITCBoo, serif;\"><span style=\"font-size: medium;\"><span style=\"font-family: Calibri, serif;\"><span style=\"font-size: small;\">Ofim\u00e0tica<\/span><\/span><\/span><\/span><\/span><\/p>\n<\/td>\n<td width=\"65\">\n<p lang=\"ca-ES\"><span style=\"color: #000000;\"><span style=\"font-family: LegacySanITCBoo, serif;\"><span style=\"font-size: medium;\"><span style=\"font-family: Calibri, serif;\"><span style=\"font-size: small;\">190<\/span><\/span><\/span><\/span><\/span><\/p>\n<\/td>\n<td width=\"88\">\n<p lang=\"ca-ES\"><span style=\"color: #000000;\"><span style=\"font-family: LegacySanITCBoo, serif;\"><span style=\"font-size: medium;\"><span style=\"font-family: Calibri, serif;\"><span style=\"font-size: small;\">21\/10\/2021<\/span><\/span><\/span><\/span><\/span><\/p>\n<\/td>\n<td width=\"87\">\n<p lang=\"ca-ES\"><span style=\"color: #000000;\"><span style=\"font-family: LegacySanITCBoo, serif;\"><span style=\"font-size: medium;\"><span style=\"font-family: Calibri, serif;\"><span style=\"font-size: small;\">17\/12\/2021<\/span><\/span><\/span><\/span><\/span><\/p>\n<\/td>\n<\/tr>\n<tr valign=\"top\">\n<td width=\"95\">\n<p lang=\"ca-ES\"><span style=\"color: #000000;\"><span style=\"font-family: LegacySanITCBoo, serif;\"><span style=\"font-size: medium;\"><span style=\"font-family: Calibri, serif;\"><span style=\"font-size: small;\">MF0162_1<\/span><\/span><\/span><\/span><\/span><\/p>\n<\/td>\n<td width=\"367\">\n<p lang=\"ca-ES\"><span style=\"color: #000000;\"><span style=\"font-family: LegacySanITCBoo, serif;\"><span style=\"font-size: medium;\"><span style=\"font-family: Calibri, serif;\"><span style=\"font-size: small;\">Mecanitzaci\u00f3 de llenya i derivats<\/span><\/span><\/span><\/span><\/span><\/p>\n<\/td>\n<td width=\"65\">\n<p lang=\"ca-ES\"><span style=\"color: #000000;\"><span style=\"font-family: LegacySanITCBoo, serif;\"><span style=\"font-size: medium;\"><span style=\"font-family: Calibri, serif;\"><span style=\"font-size: small;\">90<\/span><\/span><\/span><\/span><\/span><\/p>\n<\/td>\n<td width=\"88\">\n<p lang=\"ca-ES\"><span style=\"color: #000000;\"><span style=\"font-family: LegacySanITCBoo, serif;\"><span style=\"font-size: medium;\"><span style=\"font-family: Calibri, serif;\"><span style=\"font-size: small;\">22\/12\/2021<\/span><\/span><\/span><\/span><\/span><\/p>\n<\/td>\n<td width=\"87\">\n<p lang=\"ca-ES\"><span style=\"color: #000000;\"><span style=\"font-family: LegacySanITCBoo, serif;\"><span style=\"font-size: medium;\"><span style=\"font-family: Calibri, serif;\"><span style=\"font-size: small;\">15\/12\/2021<\/span><\/span><\/span><\/span><\/span><\/p>\n<\/td>\n<\/tr>\n<tr valign=\"top\">\n<td width=\"95\">\n<p lang=\"ca-ES\"><span style=\"color: #000000;\"><span style=\"font-family: LegacySanITCBoo, serif;\"><span style=\"font-size: medium;\"><span style=\"font-family: Calibri, serif;\"><span style=\"font-size: small;\">MF0173_1<\/span><\/span><\/span><\/span><\/span><\/p>\n<\/td>\n<td width=\"367\">\n<p lang=\"ca-ES\"><span style=\"color: #000000;\"><span style=\"font-family: LegacySanITCBoo, serif;\"><span style=\"font-size: medium;\"><span style=\"font-family: Calibri, serif;\"><span style=\"font-size: small;\">Ajustament i embalatge de mobles i elements de llenya<\/span><\/span><\/span><\/span><\/span><\/p>\n<\/td>\n<td width=\"65\">\n<p lang=\"ca-ES\"><span style=\"color: #000000;\"><span style=\"font-family: LegacySanITCBoo, serif;\"><span style=\"font-size: medium;\"><span style=\"font-family: Calibri, serif;\"><span style=\"font-size: small;\">50<\/span><\/span><\/span><\/span><\/span><\/p>\n<\/td>\n<td width=\"88\">\n<p lang=\"ca-ES\"><span style=\"color: #000000;\"><span style=\"font-family: LegacySanITCBoo, serif;\"><span style=\"font-size: medium;\"><span style=\"font-family: Calibri, serif;\"><span style=\"font-size: small;\">16\/12\/2021<\/span><\/span><\/span><\/span><\/span><\/p>\n<\/td>\n<td width=\"87\">\n<p lang=\"ca-ES\"><span style=\"color: #000000;\"><span style=\"font-family: LegacySanITCBoo, serif;\"><span style=\"font-size: medium;\"><span style=\"font-family: Calibri, serif;\"><span style=\"font-size: small;\">12\/01\/2022<\/span><\/span><\/span><\/span><\/span><\/p>\n<\/td>\n<\/tr>\n<tr valign=\"top\">\n<td width=\"95\">\n<p lang=\"ca-ES\"><span style=\"color: #000000;\"><span style=\"font-family: LegacySanITCBoo, serif;\"><span style=\"font-size: medium;\"><span style=\"font-family: Calibri, serif;\"><span style=\"font-size: small;\">MF0882_1<\/span><\/span><\/span><\/span><\/span><\/p>\n<\/td>\n<td width=\"367\">\n<p lang=\"ca-ES\"><span style=\"color: #000000;\"><span style=\"font-family: LegacySanITCBoo, serif;\"><span style=\"font-size: medium;\"><span style=\"font-family: Calibri, serif;\"><span style=\"font-size: small;\">Muntatge i instal\u00b7laci\u00f3 d\u2019elements de fusteria i moble<\/span><\/span><\/span><\/span><\/span><\/p>\n<\/td>\n<td width=\"65\">\n<p lang=\"ca-ES\"><span style=\"color: #000000;\"><span style=\"font-family: LegacySanITCBoo, serif;\"><span style=\"font-size: medium;\"><span style=\"font-family: Calibri, serif;\"><span style=\"font-size: small;\">80<\/span><\/span><\/span><\/span><\/span><\/p>\n<\/td>\n<td width=\"88\">\n<p lang=\"ca-ES\"><span style=\"color: #000000;\"><span style=\"font-family: LegacySanITCBoo, serif;\"><span style=\"font-size: medium;\"><span style=\"font-family: Calibri, serif;\"><span style=\"font-size: small;\">12\/01\/2022<\/span><\/span><\/span><\/span><\/span><\/p>\n<\/td>\n<td width=\"87\">\n<p lang=\"ca-ES\"><span style=\"color: #000000;\"><span style=\"font-family: LegacySanITCBoo, serif;\"><span style=\"font-size: medium;\"><span style=\"font-family: Calibri, serif;\"><span style=\"font-size: small;\">01\/02\/2022<\/span><\/span><\/span><\/span><\/span><\/p>\n<\/td>\n<\/tr>\n<tr valign=\"top\">\n<td width=\"95\">\n<p lang=\"ca-ES\"><span style=\"color: #000000;\"><span style=\"font-family: LegacySanITCBoo, serif;\"><span style=\"font-size: medium;\"><span style=\"font-family: Calibri, serif;\"><span style=\"font-size: small;\">MP0056<\/span><\/span><\/span><\/span><\/span><\/p>\n<\/td>\n<td width=\"367\">\n<p lang=\"ca-ES\"><span style=\"color: #000000;\"><span style=\"font-family: LegacySanITCBoo, serif;\"><span style=\"font-size: medium;\"><span style=\"font-family: Calibri, serif;\"><span style=\"font-size: small;\">M\u00f2dul de pr\u00e0ctiques laborals no professionals de treballs de fusteria i moble<\/span><\/span><\/span><\/span><\/span><\/p>\n<\/td>\n<td width=\"65\">\n<p lang=\"ca-ES\"><span style=\"color: #000000;\"><span style=\"font-family: LegacySanITCBoo, serif;\"><span style=\"font-size: medium;\"><span style=\"font-family: Calibri, serif;\"><span style=\"font-size: small;\">80<\/span><\/span><\/span><\/span><\/span><\/p>\n<\/td>\n<td width=\"88\">\n<p lang=\"ca-ES\"><span style=\"color: #000000;\"><span style=\"font-family: LegacySanITCBoo, serif;\"><span style=\"font-size: medium;\"><span style=\"font-family: Calibri, serif;\"><span style=\"font-size: small;\">07\/02\/2022<\/span><\/span><\/span><\/span><\/span><\/p>\n<\/td>\n<td width=\"87\">\n<p lang=\"ca-ES\"><span style=\"color: #000000;\"><span style=\"font-family: LegacySanITCBoo, serif;\"><span style=\"font-size: medium;\"><span style=\"font-family: Calibri, serif;\"><span style=\"font-size: small;\">18\/02\/2022<\/span><\/span><\/span><\/span><\/span><\/p>\n<\/td>\n<\/tr>\n<tr valign=\"top\">\n<td width=\"95\">\n<p lang=\"ca-ES\"><span style=\"color: #000000;\"><span style=\"font-family: LegacySanITCBoo, serif;\"><span style=\"font-size: medium;\"><span style=\"font-family: Calibri, serif;\"><span style=\"font-size: small;\">MF1835_2<\/span><\/span><\/span><\/span><\/span><\/p>\n<\/td>\n<td width=\"367\">\n<p lang=\"ca-ES\"><span style=\"color: #000000;\"><span style=\"font-family: LegacySanITCBoo, serif;\"><span style=\"font-size: medium;\"><span style=\"font-family: Calibri, serif;\"><span style=\"font-size: small;\">Muntatge i manteniment dels sistemes de propulsi\u00f3 i govern, i equips auxiliars d&#8217;embarcacions esportives i d&#8217;esbarjo<\/span><\/span><\/span><\/span><\/span><\/p>\n<\/td>\n<td width=\"65\">\n<p lang=\"ca-ES\"><span style=\"color: #000000;\"><span style=\"font-family: LegacySanITCBoo, serif;\"><span style=\"font-size: medium;\"><span style=\"font-family: Calibri, serif;\"><span style=\"font-size: small;\">180<\/span><\/span><\/span><\/span><\/span><\/p>\n<\/td>\n<td width=\"88\">\n<p lang=\"ca-ES\"><span style=\"color: #000000;\"><span style=\"font-family: LegacySanITCBoo, serif;\"><span style=\"font-size: medium;\"><span style=\"font-family: Calibri, serif;\"><span style=\"font-size: small;\">04\/10\/2021<\/span><\/span><\/span><\/span><\/span><\/p>\n<\/td>\n<td width=\"87\">\n<p lang=\"ca-ES\"><span style=\"color: #000000;\"><span style=\"font-family: LegacySanITCBoo, serif;\"><span style=\"font-size: medium;\"><span style=\"font-family: Calibri, serif;\"><span style=\"font-size: small;\">10\/12\/2021<\/span><\/span><\/span><\/span><\/span><\/p>\n<\/td>\n<\/tr>\n<tr valign=\"top\">\n<td width=\"95\">\n<p lang=\"ca-ES\"><span style=\"color: #000000;\"><span style=\"font-family: LegacySanITCBoo, serif;\"><span style=\"font-size: medium;\"><span style=\"font-family: Calibri, serif;\"><span style=\"font-size: small;\">MF1831_2<\/span><\/span><\/span><\/span><\/span><\/p>\n<\/td>\n<td width=\"367\">\n<p lang=\"ca-ES\"><span style=\"color: #000000;\"><span style=\"font-family: LegacySanITCBoo, serif;\"><span style=\"font-size: medium;\"><span style=\"font-family: Calibri, serif;\"><span style=\"font-size: small;\">Manteniment i instal\u00b7laci\u00f3 de ls sistemes de generaci\u00f3 i acumulaci\u00f3 d&#8217;energia el\u00e8ctrica i dels motors el\u00e8ctrics d&#8217;embarcacions esportives i d&#8217;esbarjo<\/span><\/span><\/span><\/span><\/span><\/p>\n<\/td>\n<td width=\"65\">\n<p lang=\"ca-ES\"><span style=\"color: #000000;\"><span style=\"font-family: LegacySanITCBoo, serif;\"><span style=\"font-size: medium;\"><span style=\"font-family: Calibri, serif;\"><span style=\"font-size: small;\">160<\/span><\/span><\/span><\/span><\/span><\/p>\n<\/td>\n<td width=\"88\">\n<p lang=\"ca-ES\"><span style=\"color: #000000;\"><span style=\"font-family: LegacySanITCBoo, serif;\"><span style=\"font-size: medium;\"><span style=\"font-family: Calibri, serif;\"><span style=\"font-size: small;\">13\/12\/2021<\/span><\/span><\/span><\/span><\/span><\/p>\n<\/td>\n<td width=\"87\">\n<p lang=\"ca-ES\"><span style=\"color: #000000;\"><span style=\"font-family: LegacySanITCBoo, serif;\"><span style=\"font-size: medium;\"><span style=\"font-family: Calibri, serif;\"><span style=\"font-size: small;\">22\/02\/2022<\/span><\/span><\/span><\/span><\/span><\/p>\n<\/td>\n<\/tr>\n<tr valign=\"top\">\n<td width=\"95\">\n<p lang=\"ca-ES\"><span style=\"color: #000000;\"><span style=\"font-family: LegacySanITCBoo, serif;\"><span style=\"font-size: medium;\"><span style=\"font-family: Calibri, serif;\"><span style=\"font-size: small;\">MF1832_2<\/span><\/span><\/span><\/span><\/span><\/p>\n<\/td>\n<td width=\"367\">\n<p lang=\"ca-ES\"><span style=\"color: #000000;\"><span style=\"font-family: LegacySanITCBoo, serif;\"><span style=\"font-size: medium;\"><span style=\"font-family: Calibri, serif;\"><span style=\"font-size: small;\">Manteniment i instal\u00b7laci\u00f3 dels sistemes de distribuci\u00f3 i els circuits de corrent el\u00e8ctric d&#8217;embarcacions esportives i d&#8217;esbarjo<\/span><\/span><\/span><\/span><\/span><\/p>\n<\/td>\n<td width=\"65\">\n<p lang=\"ca-ES\"><span style=\"color: #000000;\"><span style=\"font-family: LegacySanITCBoo, serif;\"><span style=\"font-size: medium;\"><span style=\"font-family: Calibri, serif;\"><span style=\"font-size: small;\">120<\/span><\/span><\/span><\/span><\/span><\/p>\n<\/td>\n<td width=\"88\">\n<p lang=\"ca-ES\"><span style=\"color: #000000;\"><span style=\"font-family: LegacySanITCBoo, serif;\"><span style=\"font-size: medium;\"><span style=\"font-family: Calibri, serif;\"><span style=\"font-size: small;\">23\/02\/2022<\/span><\/span><\/span><\/span><\/span><\/p>\n<\/td>\n<td width=\"87\">\n<p lang=\"ca-ES\"><span style=\"color: #000000;\"><span style=\"font-family: LegacySanITCBoo, serif;\"><span style=\"font-size: medium;\"><span style=\"font-family: Calibri, serif;\"><span style=\"font-size: small;\">06\/04\/2022<\/span><\/span><\/span><\/span><\/span><\/p>\n<\/td>\n<\/tr>\n<tr valign=\"top\">\n<td width=\"95\">\n<p lang=\"ca-ES\"><span style=\"color: #000000;\"><span style=\"font-family: LegacySanITCBoo, serif;\"><span style=\"font-size: medium;\"><span style=\"font-family: Calibri, serif;\"><span style=\"font-size: small;\">MF1833_2<\/span><\/span><\/span><\/span><\/span><\/p>\n<\/td>\n<td width=\"367\">\n<p lang=\"ca-ES\"><span style=\"color: #000000;\"><span style=\"font-family: LegacySanITCBoo, serif;\"><span style=\"font-size: medium;\"><span style=\"font-family: Calibri, serif;\"><span style=\"font-size: small;\">Instal\u00b7laci\u00f3 i reparaci\u00f3 dels sistemes electr\u00f2nics de navegaci\u00f3 i instrumentaci\u00f3 d&#8217;embarcacions esportives i d&#8217;esbarjo<\/span><\/span><\/span><\/span><\/span><\/p>\n<\/td>\n<td width=\"65\">\n<p lang=\"ca-ES\"><span style=\"color: #000000;\"><span style=\"font-family: LegacySanITCBoo, serif;\"><span style=\"font-size: medium;\"><span style=\"font-family: Calibri, serif;\"><span style=\"font-size: small;\">150<\/span><\/span><\/span><\/span><\/span><\/p>\n<\/td>\n<td width=\"88\">\n<p lang=\"ca-ES\"><span style=\"color: #000000;\"><span style=\"font-family: LegacySanITCBoo, serif;\"><span style=\"font-size: medium;\"><span style=\"font-family: Calibri, serif;\"><span style=\"font-size: small;\">07\/04\/2022<\/span><\/span><\/span><\/span><\/span><\/p>\n<\/td>\n<td width=\"87\">\n<p lang=\"ca-ES\"><span style=\"color: #000000;\"><span style=\"font-family: LegacySanITCBoo, serif;\"><span style=\"font-size: medium;\"><span style=\"font-family: Calibri, serif;\"><span style=\"font-size: small;\">08\/06\/2022<\/span><\/span><\/span><\/span><\/span><\/p>\n<\/td>\n<\/tr>\n<tr valign=\"top\">\n<td width=\"95\">\n<p lang=\"ca-ES\"><span style=\"color: #000000;\"><span style=\"font-family: LegacySanITCBoo, serif;\"><span style=\"font-size: medium;\"><span style=\"font-family: Calibri, serif;\"><span style=\"font-size: small;\">MF1834_2<\/span><\/span><\/span><\/span><\/span><\/p>\n<\/td>\n<td width=\"367\">\n<p lang=\"ca-ES\"><span style=\"color: #000000;\"><span style=\"font-family: LegacySanITCBoo, serif;\"><span style=\"font-size: medium;\"><span style=\"font-family: Calibri, serif;\"><span style=\"font-size: small;\">Instal\u00b7laci\u00f3 i reparaci\u00f3 dels sistemes de comunicacions, socors i seguretat mar\u00edtima d&#8217;embarcacions esportives i d&#8217;esbarjo<\/span><\/span><\/span><\/span><\/span><\/p>\n<\/td>\n<td width=\"65\">\n<p lang=\"ca-ES\"><span style=\"color: #000000;\"><span style=\"font-family: LegacySanITCBoo, serif;\"><span style=\"font-size: medium;\"><span style=\"font-family: Calibri, serif;\"><span style=\"font-size: small;\">150<\/span><\/span><\/span><\/span><\/span><\/p>\n<\/td>\n<td width=\"88\">\n<p lang=\"ca-ES\"><span style=\"color: #000000;\"><span style=\"font-family: LegacySanITCBoo, serif;\"><span style=\"font-size: medium;\"><span style=\"font-family: Calibri, serif;\"><span style=\"font-size: small;\">08\/062022<\/span><\/span><\/span><\/span><\/span><\/p>\n<\/td>\n<td width=\"87\">\n<p lang=\"ca-ES\"><span style=\"color: #000000;\"><span style=\"font-family: LegacySanITCBoo, serif;\"><span style=\"font-size: medium;\"><span style=\"font-family: Calibri, serif;\"><span style=\"font-size: small;\">29\/07\/2022<\/span><\/span><\/span><\/span><\/span><\/p>\n<\/td>\n<\/tr>\n<\/tbody>\n<\/table>\n<p>[\/et_pb_accordion_item][\/et_pb_accordion][et_pb_text _builder_version=\u00bb4.16&#8243; _module_preset=\u00bbdefault\u00bb global_colors_info=\u00bb{}\u00bb]<\/p>\n<p>&nbsp;<\/p>\n<p><\/p>\n<p>Si necesitas informaci\u00f3n adicional, puedes contactar con el Centro de la Mar en el tel\u00e9fono 971 17 70 27 o en la direcci\u00f3n electr\u00f3nica <a href=\"mailto:info@centredelamar.com\" target=\"_blank\" rel=\"noopener\"><span style=\"color: #cb023e;\">info@centredelamar.com<\/span><\/a><\/p>\n<p><\/p>\n<p>&nbsp;<\/p>\n<p>[\/et_pb_text][\/et_pb_column][\/et_pb_row][\/et_pb_section]<\/p>\n","protected":false},"excerpt":{"rendered":"<p>Listas definitivas de personal formador para el programa SOIB formaci\u00f3n en alternancia en sectores estrat\u00e9gicos y de dif\u00edcil cobertura 2024-2026 Proceso de selecci\u00f3n anulado por la imposibilidad de disponer del personal docente y de direcci\u00f3n acad\u00e9mica necesarios para el desarrollo de la formaci\u00f3n seg\u00fan el Real Decreto 659\/2023, de 18 de julio, por el que [&hellip;]<\/p>\n","protected":false},"author":13,"featured_media":63616,"comment_status":"closed","ping_status":"closed","sticky":false,"template":"","format":"standard","meta":{"_et_pb_use_builder":"on","_et_pb_old_content":"","_et_gb_content_width":"","footnotes":"","_links_to":"","_links_to_target":""},"categories":[207,7],"tags":[],"class_list":["post-21607","post","type-post","status-publish","format-standard","has-post-thumbnail","hentry","category-destacats-es","category-sin-categorizar"],"publishpress_future_action":{"enabled":false,"date":"2026-05-07 07:03:00","action":"change-status","newStatus":"draft","terms":[],"taxonomy":"category","extraData":[]},"publishpress_future_workflow_manual_trigger":{"enabledWorkflows":[]},"_links":{"self":[{"href":"https:\/\/soib.es\/es\/wp-json\/wp\/v2\/posts\/21607","targetHints":{"allow":["GET"]}}],"collection":[{"href":"https:\/\/soib.es\/es\/wp-json\/wp\/v2\/posts"}],"about":[{"href":"https:\/\/soib.es\/es\/wp-json\/wp\/v2\/types\/post"}],"author":[{"embeddable":true,"href":"https:\/\/soib.es\/es\/wp-json\/wp\/v2\/users\/13"}],"replies":[{"embeddable":true,"href":"https:\/\/soib.es\/es\/wp-json\/wp\/v2\/comments?post=21607"}],"version-history":[{"count":0,"href":"https:\/\/soib.es\/es\/wp-json\/wp\/v2\/posts\/21607\/revisions"}],"wp:featuredmedia":[{"embeddable":true,"href":"https:\/\/soib.es\/es\/wp-json\/wp\/v2\/media\/63616"}],"wp:attachment":[{"href":"https:\/\/soib.es\/es\/wp-json\/wp\/v2\/media?parent=21607"}],"wp:term":[{"taxonomy":"category","embeddable":true,"href":"https:\/\/soib.es\/es\/wp-json\/wp\/v2\/categories?post=21607"},{"taxonomy":"post_tag","embeddable":true,"href":"https:\/\/soib.es\/es\/wp-json\/wp\/v2\/tags?post=21607"}],"curies":[{"name":"wp","href":"https:\/\/api.w.org\/{rel}","templated":true}]}}