{"id":19026,"date":"2020-04-16T12:20:11","date_gmt":"2020-04-16T10:20:11","guid":{"rendered":"https:\/\/soib.es\/?p=19026"},"modified":"2020-08-14T13:56:12","modified_gmt":"2020-08-14T11:56:12","slug":"el-soib-aprueba-medidas-para-garantizar-las-acciones-formativas-de-manera-no-presencial","status":"publish","type":"post","link":"https:\/\/soib.es\/es\/el-soib-aprueba-medidas-para-garantizar-las-acciones-formativas-de-manera-no-presencial\/","title":{"rendered":"El SOIB aprueba una serie de medidas para garantizar las acciones formativas de manera no presencial"},"content":{"rendered":"<p>El BOIB publica hoy una resoluci\u00f3n del Servicio de Empleo de las Illes Balears (SOIB) que regula la impartici\u00f3n de\u00a0 la formaci\u00f3n profesional para la ocupaci\u00f3n y ampl\u00eda los plazos de ejecuci\u00f3n y justificaci\u00f3n despu\u00e9s de la suspensi\u00f3n de las acciones formativas como consecuencia de la crisis sanitaria provocada por la COVID-19.<\/p>\n<p>La resoluci\u00f3n recoge la suspensi\u00f3n temporal que afecta las acciones formativas de formaci\u00f3n profesional para la ocupaci\u00f3n en la modalidad presencial gestionadas, financiadas o autorizadas por el SOIB.<\/p>\n<p>Adem\u00e1s, se establecen los requisitos para que las entidades de formaci\u00f3n puedan obtener la autorizaci\u00f3n para cambiar la modalidad presencial por otra alternativa que garantice la transmisi\u00f3n del conocimiento y su evaluaci\u00f3n, y as\u00ed evitar la interrupci\u00f3n de la actividad formativa.<\/p>\n<p>As\u00ed mismo, los plazos de ejecuci\u00f3n y justificaci\u00f3n de las convocatorias de subvenciones que tienen por objeto financiar especialidades formativas dirigidas prioritariamente a trabajadores parados y ocupados para el periodo 2018-2020 se ampl\u00edan hasta el 15 de julio de 2020.<\/p>\n<p>La suspensi\u00f3n se aplicar\u00e1 a las siguientes acciones formativas de formaci\u00f3n profesional para la ocupaci\u00f3n, en la modalidad presencial:<\/p>\n<ul>\n<li>\u00a0Acciones formativas de las convocatorias aprobadas por el SOIB dirigidas prioritariamente a trabajadores parados, ocupados e itinerarios integrales de inserci\u00f3n.<\/li>\n<li>Acciones de formaci\u00f3n profesional para la ocupaci\u00f3n realizadas en centros propios de la comunidad aut\u00f3noma de las Illes Balears financiadas por el SOIB.<\/li>\n<li>Acciones formativas de certificados de profesionalidad no financiadas con fondos p\u00fablicos y autorizados por el SOIB.<\/li>\n<\/ul>\n<p>En cuanto a la justificaci\u00f3n de la subvenci\u00f3n, las entidades beneficiarias podr\u00e1n imputar los costes laborales, alquileres de espacios, suministros o cualquier otro que sea imprescindible durante la suspensi\u00f3n, sin que en ning\u00fan caso puedan superarse los l\u00edmites aplicables, ni el importe de la subvenci\u00f3n concedida.<\/p>\n<p>En la resoluci\u00f3n tambi\u00e9n se regulan, entre otros, el m\u00f3dulo de pr\u00e1cticas profesionales no laborales exigidas en cada certificado de profesionalidad, la modificaci\u00f3n de la metodolog\u00eda a impartir, las horas de refuerzo presenciales y la suspensi\u00f3n del m\u00f3dulo de pr\u00e1cticas profesionales no laborales.<\/p>\n<p>Pod\u00e9is consultar la resoluci\u00f3n completa <a href=\"https:\/\/soib.es\/wp-content\/uploads\/2020\/04\/Resoluci%C3%B3_SOIB_castell%C3%A0.pdf\">aqu\u00ed.<\/a><\/p>\n<p>&nbsp;<\/p>\n","protected":false},"excerpt":{"rendered":"<p>El BOIB publica hoy una resoluci\u00f3n del Servicio de Empleo de las Illes Balears (SOIB) que regula la impartici\u00f3n de\u00a0 la formaci\u00f3n profesional para la ocupaci\u00f3n y ampl\u00eda los plazos de ejecuci\u00f3n y justificaci\u00f3n despu\u00e9s de la suspensi\u00f3n de las acciones formativas como consecuencia de la crisis sanitaria provocada por la COVID-19. La resoluci\u00f3n recoge [&hellip;]<\/p>\n","protected":false},"author":41,"featured_media":19022,"comment_status":"closed","ping_status":"closed","sticky":false,"template":"","format":"standard","meta":{"_et_pb_use_builder":"","_et_pb_old_content":"","_et_gb_content_width":"","footnotes":"","_links_to":"","_links_to_target":""},"categories":[188],"tags":[],"class_list":["post-19026","post","type-post","status-publish","format-standard","has-post-thumbnail","hentry","category-noticias"],"publishpress_future_action":{"enabled":false,"date":"2026-05-03 19:57:05","action":"change-status","newStatus":"draft","terms":[],"taxonomy":"category","extraData":[]},"publishpress_future_workflow_manual_trigger":{"enabledWorkflows":[]},"_links":{"self":[{"href":"https:\/\/soib.es\/es\/wp-json\/wp\/v2\/posts\/19026","targetHints":{"allow":["GET"]}}],"collection":[{"href":"https:\/\/soib.es\/es\/wp-json\/wp\/v2\/posts"}],"about":[{"href":"https:\/\/soib.es\/es\/wp-json\/wp\/v2\/types\/post"}],"author":[{"embeddable":true,"href":"https:\/\/soib.es\/es\/wp-json\/wp\/v2\/users\/41"}],"replies":[{"embeddable":true,"href":"https:\/\/soib.es\/es\/wp-json\/wp\/v2\/comments?post=19026"}],"version-history":[{"count":0,"href":"https:\/\/soib.es\/es\/wp-json\/wp\/v2\/posts\/19026\/revisions"}],"wp:featuredmedia":[{"embeddable":true,"href":"https:\/\/soib.es\/es\/wp-json\/wp\/v2\/media\/19022"}],"wp:attachment":[{"href":"https:\/\/soib.es\/es\/wp-json\/wp\/v2\/media?parent=19026"}],"wp:term":[{"taxonomy":"category","embeddable":true,"href":"https:\/\/soib.es\/es\/wp-json\/wp\/v2\/categories?post=19026"},{"taxonomy":"post_tag","embeddable":true,"href":"https:\/\/soib.es\/es\/wp-json\/wp\/v2\/tags?post=19026"}],"curies":[{"name":"wp","href":"https:\/\/api.w.org\/{rel}","templated":true}]}}