{"id":18774,"date":"2020-03-19T12:23:34","date_gmt":"2020-03-19T11:23:34","guid":{"rendered":"https:\/\/soib.es\/?p=18774"},"modified":"2020-04-30T14:28:56","modified_gmt":"2020-04-30T12:28:56","slug":"como-me-afecta-el-real-decreto-ley-para-hacer-frente-al-impacto-social-y-economico-del-covid-19","status":"publish","type":"post","link":"https:\/\/soib.es\/es\/como-me-afecta-el-real-decreto-ley-para-hacer-frente-al-impacto-social-y-economico-del-covid-19\/","title":{"rendered":"\u00bfC\u00f3mo me afecta el Real decreto ley para hacer frente al impacto social y econ\u00f3mico del COVID-19?"},"content":{"rendered":"<p><span style=\"color: #ff0000;\"><strong>Medidas de conciliaci\u00f3n<\/strong>:<\/span><\/p>\n<ul>\n<li>Tienes derecho a trabajar a distancia<\/li>\n<\/ul>\n<p>Para hacerlo, las empresas tienen que reorganizar el trabajo y adoptar medidas de flexibilizaci\u00f3n para que \u00a0no tengas que ir a tu puesto de trabajo.<\/p>\n<ul>\n<li>Tienes derecho a la adaptaci\u00f3n de tu horario y a la reducci\u00f3n de jornada<\/li>\n<\/ul>\n<p>Si cuidas de tu c\u00f3nyuge o pareja de hecho, familiares hasta el segundo grado de consanguinidad. Esto implica que puedes pedir un cambio de turno, un horario flexible, jornada partida, etc. Es un derecho individual: t\u00fa tienes que hacer la propuesta y llegar a un acuerdo con la empresa.<\/p>\n<p><span style=\"color: #ff0000;\"><strong>Medidas de flexibilidad para evitar despidos (ERTE):<\/strong><\/span><\/p>\n<p>Los ERTE se tienen que negociar entre la empresa y la representaci\u00f3n legal de la plantilla. Si la empresa donde trabajas no tiene comit\u00e9 de empresa, una persona de los sindicatos m\u00e1s representativos del sector formar\u00e1 parte de la comisi\u00f3n para negociar el ERTE con la empresa.<\/p>\n<p>\u00bfC\u00f3mo te puede afectar? Con una suspensi\u00f3n de contrato o con una reducci\u00f3n de jornada.<\/p>\n<p>Tendr\u00e1s derecho a prestaci\u00f3n aunque no hayas cubierto el periodo m\u00ednimo de cotizaci\u00f3n. Adem\u00e1s, no consumir\u00e1s paro. Esta medida afecta tambi\u00e9n a las personas con un contrato de fijos discontinuos que todav\u00eda no hubieran empezado a trabajar.<\/p>\n<p>\u00bfCu\u00e1nto cobrar\u00e1s? El 70\u00a0% de tu cotizaci\u00f3n mediana de los \u00faltimos 180 d\u00edas cotizados (o del periodo anterior a tu situaci\u00f3n de paro derivada del COVID-19).<strong>\u00a0<\/strong><\/p>\n<p><span style=\"color: #ff0000;\"><strong>Prestaci\u00f3n para personas aut\u00f3nomas que cesan la actividad<\/strong><\/span><\/p>\n<p>Si eres aut\u00f3nomo o aut\u00f3noma y tus actividades quedan suspendidas por el estado de alarma o tu facturaci\u00f3n cae m\u00e1s de un 75\u00a0% respecto del periodo de facturaci\u00f3n del semestre pasado, puedes pedir una prestaci\u00f3n hasta que acabe el estado de alarma. Adem\u00e1s, durante este periodo cotizar\u00e1s a la Seguridad Social.<\/p>\n<p>\u00bfCu\u00e1nto cobrar\u00e1s? El 70\u00a0% de la base m\u00ednima de cotizaci\u00f3n en el R\u00e9gimen Especial de la Seguridad Social de los Trabajadores por Cuenta Propia o Aut\u00f3nomos.<\/p>\n<p><span style=\"color: #ff0000;\"><strong>Prestaciones y subsidios<\/strong><\/span><\/p>\n<p>Durante el tiempo que dure el estado de alarma, presentar solicitudes de alta o de reanudaci\u00f3n de las prestaciones o subsidios de paro fuera de los plazos establecidos legalmente no implicar\u00e1 que nada reduzca el derecho a recibirla.<\/p>\n<p>Adem\u00e1s, el SEPE puede prorrogar autom\u00e1ticamente el derecho a recibir un subsidio de paro para evitar que el hecho de no presentar la solicitud suponga perder la ayuda. En el caso del subsidio para mayores de 52 a\u00f1os, no se interrumpir\u00e1 el pago del subsidio ni la cotizaci\u00f3n a la Seguridad Social aunque se presente la declaraci\u00f3n anual de rentas fuera de plazo.<\/p>\n<p>&nbsp;<\/p>\n","protected":false},"excerpt":{"rendered":"<p>Medidas de conciliaci\u00f3n: Tienes derecho a trabajar a distancia Para hacerlo, las empresas tienen que reorganizar el trabajo y adoptar medidas de flexibilizaci\u00f3n para que \u00a0no tengas que ir a tu puesto de trabajo. Tienes derecho a la adaptaci\u00f3n de tu horario y a la reducci\u00f3n de jornada Si cuidas de tu c\u00f3nyuge o pareja [&hellip;]<\/p>\n","protected":false},"author":41,"featured_media":18752,"comment_status":"closed","ping_status":"closed","sticky":false,"template":"","format":"standard","meta":{"_et_pb_use_builder":"","_et_pb_old_content":"","_et_gb_content_width":"","footnotes":"","_links_to":"","_links_to_target":""},"categories":[188],"tags":[],"class_list":["post-18774","post","type-post","status-publish","format-standard","has-post-thumbnail","hentry","category-noticias"],"publishpress_future_action":{"enabled":false,"date":"2026-05-03 21:32:20","action":"change-status","newStatus":"draft","terms":[],"taxonomy":"category","extraData":[]},"publishpress_future_workflow_manual_trigger":{"enabledWorkflows":[]},"_links":{"self":[{"href":"https:\/\/soib.es\/es\/wp-json\/wp\/v2\/posts\/18774","targetHints":{"allow":["GET"]}}],"collection":[{"href":"https:\/\/soib.es\/es\/wp-json\/wp\/v2\/posts"}],"about":[{"href":"https:\/\/soib.es\/es\/wp-json\/wp\/v2\/types\/post"}],"author":[{"embeddable":true,"href":"https:\/\/soib.es\/es\/wp-json\/wp\/v2\/users\/41"}],"replies":[{"embeddable":true,"href":"https:\/\/soib.es\/es\/wp-json\/wp\/v2\/comments?post=18774"}],"version-history":[{"count":0,"href":"https:\/\/soib.es\/es\/wp-json\/wp\/v2\/posts\/18774\/revisions"}],"wp:featuredmedia":[{"embeddable":true,"href":"https:\/\/soib.es\/es\/wp-json\/wp\/v2\/media\/18752"}],"wp:attachment":[{"href":"https:\/\/soib.es\/es\/wp-json\/wp\/v2\/media?parent=18774"}],"wp:term":[{"taxonomy":"category","embeddable":true,"href":"https:\/\/soib.es\/es\/wp-json\/wp\/v2\/categories?post=18774"},{"taxonomy":"post_tag","embeddable":true,"href":"https:\/\/soib.es\/es\/wp-json\/wp\/v2\/tags?post=18774"}],"curies":[{"name":"wp","href":"https:\/\/api.w.org\/{rel}","templated":true}]}}