{"id":17776,"date":"2020-02-14T12:22:40","date_gmt":"2020-02-14T11:22:40","guid":{"rendered":"https:\/\/soib.es\/?p=17776"},"modified":"2021-01-14T20:01:52","modified_gmt":"2021-01-14T19:01:52","slug":"finaliza-la-tercera-edicion-del-proyecto-treballa-la-fusta-del-ayuntamiento-de-inca-enmarcado-en-el-programa-soib-dual-sectores-estrategicos","status":"publish","type":"post","link":"https:\/\/soib.es\/es\/finaliza-la-tercera-edicion-del-proyecto-treballa-la-fusta-del-ayuntamiento-de-inca-enmarcado-en-el-programa-soib-dual-sectores-estrategicos\/","title":{"rendered":"Finaliza la tercera edici\u00f3n del proyecto \u201cTreballa la fusta\u201d de Inca enmarcado en el programa SOIB Dual Sectores Estrat\u00e9gicos"},"content":{"rendered":"<p>La directora del SOIB, Ana Aguaded, y los regidores de Trabajo y Formaci\u00f3n y de Educaci\u00f3n y Cultura del Ayuntamiento de Inca, Biel Frontera y Alice Weber, han participado en el acto de clausura del programa SOIB Dual Sectores Estrat\u00e9gicos del sector de la madera al que tambi\u00e9n han asistido los 13 alumnos-trabajadores y el personal docente.<\/p>\n<p>Se trata del proyecto \u201cTreballa la fusta\u201d que tiene un presupuesto de 257.000\u00a0euros y dispone de la financiaci\u00f3n del <strong>SOIB <\/strong>y del SEPE. Este programa, dirigido a personas de entre 18 y 30 a\u00f1os, permite combinar los estudios de carpinter\u00eda con un contrato de trabajo presencial en las empresas. En esta edici\u00f3n han participado Fusteria Miarsa, Fusteria Campanet, Ebenisteria \u00danics, Fustgrup Montatges, Fusteria Payeras, Barnizados L\u00f3pez y Espais de Fusta Comas.<\/p>\n<p>Las 13 personas contratadas, de las cuales 7 han finalizado exitosamente la formaci\u00f3n te\u00f3rico-pr\u00e1ctica, han cursado durante un a\u00f1o dos certificados de profesionalidad: uno de carpinter\u00eda y el otro de comercio.<\/p>\n<p>Es la tercera vez que el Ayuntamiento de Inca participa en el programa SOIB Formaci\u00f3n Dual Sectores Estrat\u00e9gicos. Desde 2016, han participado en los diferentes proyectos de Dual un total de 65 personas, hecho que ha supuesto una inversi\u00f3n de 1,2 millones de euros<em>. <\/em>El seguimiento posterior constata que la incorporaci\u00f3n al mercado laboral ha sido muy positiva.<\/p>\n<p>&nbsp;<\/p>\n","protected":false},"excerpt":{"rendered":"<p>La directora del SOIB, Ana Aguaded, y los regidores de Trabajo y Formaci\u00f3n y de Educaci\u00f3n y Cultura del Ayuntamiento de Inca, Biel Frontera y Alice Weber, han participado en el acto de clausura del programa SOIB Dual Sectores Estrat\u00e9gicos del sector de la madera al que tambi\u00e9n han asistido los 13 alumnos-trabajadores y el [&hellip;]<\/p>\n","protected":false},"author":41,"featured_media":17770,"comment_status":"closed","ping_status":"closed","sticky":false,"template":"","format":"standard","meta":{"_et_pb_use_builder":"","_et_pb_old_content":"","_et_gb_content_width":"","footnotes":"","_links_to":"","_links_to_target":""},"categories":[220,188],"tags":[],"class_list":["post-17776","post","type-post","status-publish","format-standard","has-post-thumbnail","hentry","category-entidades","category-noticias"],"publishpress_future_action":{"enabled":false,"date":"2026-05-04 02:21:23","action":"change-status","newStatus":"draft","terms":[],"taxonomy":"category","extraData":[]},"publishpress_future_workflow_manual_trigger":{"enabledWorkflows":[]},"_links":{"self":[{"href":"https:\/\/soib.es\/es\/wp-json\/wp\/v2\/posts\/17776","targetHints":{"allow":["GET"]}}],"collection":[{"href":"https:\/\/soib.es\/es\/wp-json\/wp\/v2\/posts"}],"about":[{"href":"https:\/\/soib.es\/es\/wp-json\/wp\/v2\/types\/post"}],"author":[{"embeddable":true,"href":"https:\/\/soib.es\/es\/wp-json\/wp\/v2\/users\/41"}],"replies":[{"embeddable":true,"href":"https:\/\/soib.es\/es\/wp-json\/wp\/v2\/comments?post=17776"}],"version-history":[{"count":0,"href":"https:\/\/soib.es\/es\/wp-json\/wp\/v2\/posts\/17776\/revisions"}],"wp:featuredmedia":[{"embeddable":true,"href":"https:\/\/soib.es\/es\/wp-json\/wp\/v2\/media\/17770"}],"wp:attachment":[{"href":"https:\/\/soib.es\/es\/wp-json\/wp\/v2\/media?parent=17776"}],"wp:term":[{"taxonomy":"category","embeddable":true,"href":"https:\/\/soib.es\/es\/wp-json\/wp\/v2\/categories?post=17776"},{"taxonomy":"post_tag","embeddable":true,"href":"https:\/\/soib.es\/es\/wp-json\/wp\/v2\/tags?post=17776"}],"curies":[{"name":"wp","href":"https:\/\/api.w.org\/{rel}","templated":true}]}}