{"id":14995,"date":"2019-10-04T13:59:42","date_gmt":"2019-10-04T11:59:42","guid":{"rendered":"https:\/\/soib.es\/?p=14995"},"modified":"2019-10-29T10:07:33","modified_gmt":"2019-10-29T09:07:33","slug":"consell-de-govern-el-govern-aprueba-un-decreto-ley-para-acelerar-las-ayudas-a-los-trabajadores-de-thomas-cook","status":"publish","type":"post","link":"https:\/\/soib.es\/es\/consell-de-govern-el-govern-aprueba-un-decreto-ley-para-acelerar-las-ayudas-a-los-trabajadores-de-thomas-cook\/","title":{"rendered":"Consell de Govern: el Govern aprueba un decreto-ley para acelerar las ayudas a los trabajadores de Thomas Cook"},"content":{"rendered":"<p>[et_pb_section fb_built=\u00bb1&#8243; admin_label=\u00bbsection\u00bb _builder_version=\u00bb3.22&#8243;][et_pb_row admin_label=\u00bbrow\u00bb _builder_version=\u00bb3.25&#8243; background_size=\u00bbinitial\u00bb background_position=\u00bbtop_left\u00bb background_repeat=\u00bbrepeat\u00bb][et_pb_column type=\u00bb4_4&#8243; _builder_version=\u00bb3.25&#8243; custom_padding=\u00bb|||\u00bb custom_padding__hover=\u00bb|||\u00bb][et_pb_text admin_label=\u00bbText\u00bb _builder_version=\u00bb3.27.4&#8243; background_size=\u00bbinitial\u00bb background_position=\u00bbtop_left\u00bb background_repeat=\u00bbrepeat\u00bb]<strong><em>Se facilitar\u00e1 a las empresas la contrataci\u00f3n de personas afectadas por el despido colectivo del operador tur\u00edstico<\/em><\/strong><\/p>\n<p><strong><em>La concreci\u00f3n de las ayudas y del procedimiento para otorgarlas se realizar\u00e1 mediante las correspondientes convocatorias<\/em><\/strong><\/p>\n<p>El Consell de Govern ha aprobado hoy el decreto-ley que permitir\u00e1 acelerar la llegada de medidas y ayudas para hacer frente a la quiebra de Thomas Cook. El Govern considera prioritario y urgente impulsar actuaciones cuanto antes para reducir, tanto como sea posible, los impactos econ\u00f3micos que la ca\u00edda del operador tur\u00edstico ha generado en las Illes Balears.<\/p>\n<p>Por ello, el decreto-ley aprobado esta ma\u00f1ana establece dos programas de ayudas que se podr\u00e1n aprobar en un plazo m\u00e1ximo de dos meses: uno destinado a empresas que contraten los servicios de personas afectadas por el despido colectivo de Thomas Cook, y otro destinado directamente a los trabajadores afectados.<\/p>\n<p>Las principales medidas que incluye este decreto-ley, que supone la habilitaci\u00f3n legal para impulsar todas las ayudas auton\u00f3micas anunciadas ayer por la presidenta del Govern, Francina Armengol, son las siguientes:<\/p>\n<ul>\n<li>Ayudas a empresas que contraten de forma indefinida a personas afectadas por un despido colectivo derivado de un proceso concursal.<\/li>\n<li>Ayudas a los trabajadores afectados por un procedimiento concursal, mientras este procedimiento se tramita.<\/li>\n<\/ul>\n<p>La concreci\u00f3n de las ayudas, su importe, y tambi\u00e9n los requisitos para poder beneficiarse de ellas y del procedimiento para otorgarlas se tiene que realizar mediante las correspondientes convocatorias.<\/p>\n<p>Este decreto ley agilizar\u00e1, entre otras, las <strong>Medidas dirigidas a las personas que trabajaban para Thomas Cook:<\/strong><strong>\u00a0<\/strong><\/p>\n<ol>\n<li>Ayuda econ\u00f3mica para trabajadores inmersos en un proceso concursal. 500 euros al mes por persona con una duraci\u00f3n de hasta 4 meses.<\/li>\n<li>Programa de incentivos para la recolocaci\u00f3n de personal de Thomas Cook.<\/li>\n<li>Oficinas espec\u00edficas de informaci\u00f3n del SOIB, tanto en la Escuela de Hoteler\u00eda de las Illes Balears como en la sede central de Thomas Cook en Palma.<\/li>\n<li>Se ha habilitado una l\u00ednea telef\u00f3nica espec\u00edfica de resoluci\u00f3n de dudas para los trabajadores (971 225 791).<\/li>\n<\/ol>\n<p>[\/et_pb_text][\/et_pb_column][\/et_pb_row][\/et_pb_section]<\/p>\n","protected":false},"excerpt":{"rendered":"<p>Se facilitar\u00e1 a las empresas la contrataci\u00f3n de personas afectadas por el despido colectivo del operador tur\u00edstico La concreci\u00f3n de las ayudas y del procedimiento para otorgarlas se realizar\u00e1 mediante las correspondientes convocatorias El Consell de Govern ha aprobado hoy el decreto-ley que permitir\u00e1 acelerar la llegada de medidas y ayudas para hacer frente a [&hellip;]<\/p>\n","protected":false},"author":41,"featured_media":14987,"comment_status":"closed","ping_status":"closed","sticky":false,"template":"","format":"standard","meta":{"_et_pb_use_builder":"on","_et_pb_old_content":"<strong><em>Se facilitar\u00e1 a las empresas la contrataci\u00f3n de personas afectadas por el despido colectivo del operador tur\u00edstico<\/em><\/strong>\r\n\r\n<strong><em>La concreci\u00f3n de las ayudas y del procedimiento para otorgarlas se realizar\u00e1 mediante las correspondientes convocatorias<\/em><\/strong>\r\n\r\nEl Consell de Govern ha aprobado hoy el decreto-ley que permitir\u00e1 acelerar la llegada de medidas y ayudas para hacer frente a la quiebra de Thomas Cook. El Govern considera prioritario y urgente impulsar actuaciones cuanto antes para reducir, tanto como sea posible, los impactos econ\u00f3micos que la ca\u00edda del operador tur\u00edstico ha generado en las Illes Balears.\r\n\r\nPor ello, el decreto-ley aprobado esta ma\u00f1ana establece dos programas de ayudas que se podr\u00e1n aprobar en un plazo m\u00e1ximo de dos meses: uno destinado a empresas que contraten los servicios de personas afectadas por el despido colectivo de Thomas Cook, y otro destinado directamente a los trabajadores afectados.\r\n\r\nLas principales medidas que incluye este decreto-ley, que supone la habilitaci\u00f3n legal para impulsar todas las ayudas auton\u00f3micas anunciadas ayer por la presidenta del Govern, Francina Armengol, son las siguientes:\r\n<ul>\r\n \t<li>Ayudas a empresas que contraten de forma indefinida a personas afectadas por un despido colectivo derivado de un proceso concursal.<\/li>\r\n \t<li>Ayudas a los trabajadores afectados por un procedimiento concursal, mientras este procedimiento se tramita.<\/li>\r\n<\/ul>\r\nLa concreci\u00f3n de las ayudas, su importe, y tambi\u00e9n los requisitos para poder beneficiarse de ellas y del procedimiento para otorgarlas se tiene que realizar mediante las correspondientes convocatorias.\r\n\r\nEste decreto ley agilizar\u00e1, entre otras, las <strong>Medidas dirigidas a las personas que trabajaban para Thomas Cook:<\/strong><strong>\u00a0<\/strong>\r\n<ol>\r\n \t<li>Ayuda econ\u00f3mica para trabajadores inmersos en un proceso concursal. 500 euros al mes por persona con una duraci\u00f3n de hasta 4 meses.<\/li>\r\n \t<li>Programa de incentivos para la recolocaci\u00f3n de personal de Thomas Cook.<\/li>\r\n \t<li>Oficinas espec\u00edficas de informaci\u00f3n del SOIB, tanto en la Escuela de Hoteler\u00eda de las Illes Balears como en la sede central de Thomas Cook en Palma.<\/li>\r\n \t<li>Se ha habilitado una l\u00ednea telef\u00f3nica espec\u00edfica de resoluci\u00f3n de dudas para los trabajadores (971 225 791).<\/li>\r\n<\/ol>","_et_gb_content_width":"","footnotes":"","_links_to":"","_links_to_target":""},"categories":[188],"tags":[],"class_list":["post-14995","post","type-post","status-publish","format-standard","has-post-thumbnail","hentry","category-noticias"],"publishpress_future_action":{"enabled":false,"date":"2026-05-04 09:15:47","action":"change-status","newStatus":"draft","terms":[],"taxonomy":"category","extraData":[]},"publishpress_future_workflow_manual_trigger":{"enabledWorkflows":[]},"_links":{"self":[{"href":"https:\/\/soib.es\/es\/wp-json\/wp\/v2\/posts\/14995","targetHints":{"allow":["GET"]}}],"collection":[{"href":"https:\/\/soib.es\/es\/wp-json\/wp\/v2\/posts"}],"about":[{"href":"https:\/\/soib.es\/es\/wp-json\/wp\/v2\/types\/post"}],"author":[{"embeddable":true,"href":"https:\/\/soib.es\/es\/wp-json\/wp\/v2\/users\/41"}],"replies":[{"embeddable":true,"href":"https:\/\/soib.es\/es\/wp-json\/wp\/v2\/comments?post=14995"}],"version-history":[{"count":0,"href":"https:\/\/soib.es\/es\/wp-json\/wp\/v2\/posts\/14995\/revisions"}],"wp:featuredmedia":[{"embeddable":true,"href":"https:\/\/soib.es\/es\/wp-json\/wp\/v2\/media\/14987"}],"wp:attachment":[{"href":"https:\/\/soib.es\/es\/wp-json\/wp\/v2\/media?parent=14995"}],"wp:term":[{"taxonomy":"category","embeddable":true,"href":"https:\/\/soib.es\/es\/wp-json\/wp\/v2\/categories?post=14995"},{"taxonomy":"post_tag","embeddable":true,"href":"https:\/\/soib.es\/es\/wp-json\/wp\/v2\/tags?post=14995"}],"curies":[{"name":"wp","href":"https:\/\/api.w.org\/{rel}","templated":true}]}}