{"id":14028,"date":"2019-08-08T14:59:49","date_gmt":"2019-08-08T12:59:49","guid":{"rendered":"https:\/\/soib.es\/els-projectes-de-formacio-i-ocupacio-claus-i-bristol-170-ii-dins-els-programes-soib-jove-i-soib-30-reben-la-visita-de-representants-del-lajuntament-de-mao-i-del\/"},"modified":"2019-08-23T13:55:05","modified_gmt":"2019-08-23T11:55:05","slug":"els-projectes-de-formacio-i-ocupacio-claus-i-bristol-170-ii-dins-els-programes-soib-jove-i-soib-30-reben-la-visita-de-representants-del-lajuntament-de-mao-i-del","status":"publish","type":"post","link":"https:\/\/soib.es\/es\/els-projectes-de-formacio-i-ocupacio-claus-i-bristol-170-ii-dins-els-programes-soib-jove-i-soib-30-reben-la-visita-de-representants-del-lajuntament-de-mao-i-del\/","title":{"rendered":"Los proyectos de Formaci\u00f3n y Ocupaci\u00f3n \u201cClaus\u201d y \u201cBristol 170-II\u201d, en el marco de los programas SOIB Jove y SOIB 30, reciben la visita de representantes del Ajuntament de Ma\u00f3 y del SOIB."},"content":{"rendered":"<p>[et_pb_section bb_built=\u00bb1&#8243;][et_pb_row][et_pb_column type=\u00bb4_4&#8243;][et_pb_text]<\/p>\n<p>Los participantes en los proyectos <strong>SOIB Jove<\/strong> y <strong>SOIB 30 Formaci\u00f3n y Ocupaci\u00f3n<\/strong> <strong>\u201cClaus\u201d<\/strong> &#8211; de informadores tur\u00edsticos &#8211; y <strong>\u201cBristol 170-II\u201d<\/strong> &#8211; de auxiliares de servicios -, del <strong>Ajuntament de Ma\u00f3<\/strong>, han recibido la visita de la directora insular del SOIB, M\u00edriam Cuerva, y de representantes del Ajuntament: el alcalde, H\u00e9ctor Pons; el teniente de Alcald\u00eda d\u2019Esports, Formaci\u00f3 i Ocupaci\u00f3, Carlos Montes; la teniente de Alcald\u00eda de Serveis Generals i Hisenda, Maria Jos\u00e9 Camps y la regidora de Microciutat, Economia, Comer\u00e7 i Turisme, Carme Segu\u00ed.<\/p>\n<p>La visita ha consistido en un recorrido por los diferentes puntos de informaci\u00f3n tur\u00edstica, ubicados en el Claustre del Carme, Ca n\u2019Oliver, Teatre Principal, pla\u00e7a Esplanada y estaci\u00f3n de autobuses, respectivamente. El itinerario ha finalizado en el aula de formaci\u00f3n del Centre de Formaci\u00f3 Ocupacional Casa de ses Aig\u00fces.<\/p>\n<p>Los puntos de informaci\u00f3n tur\u00edstica son atendidos, durante la parte de jornada laboral, por diez alumnos trabajadores, contratados como personal de informaci\u00f3n tur\u00edstica del proyecto mixto de empleo y formaci\u00f3n en promoci\u00f3n tur\u00edstica local e informaci\u00f3n al visitante \u201cBristol 170-II\u201d, que incorpora la direcci\u00f3n, docencia y apoyo administrativo necesarios para su ejecuci\u00f3n.<\/p>\n<p>El proyecto \u201cBristol 170-II\u201d se va inici\u00f3 durante el mes de marzo de 2019, a trav\u00e9s de la iniciativa enmarcada en el programa <strong>SOIB 30 FORMACI\u00d3 I OCUPACI\u00d3<\/strong> y financiada con fondos del SOIB, mediante Conferencia Sectorial, dirigido a personas de m\u00e1s de 30 a\u00f1os en situaci\u00f3n de desempleo.<\/p>\n<p>Por otra parte, en el Centre de Formaci\u00f3 Ocupacional Casa de ses Aig\u00fces han visitado, en el mismo aula, a los diez auxiliares de servicios del proyecto \u201cClaus\u201d. El alumnado trabajador de \u201cClaus\u201d realiza la parte laboral de su jornada en las diferentes dependencias municipales, con la supervisi\u00f3n de tutores\/as designados previamente; tambi\u00e9n cuentan con un director, dos docentes i un apoyo administrativo, encargados de la ejecuci\u00f3n del proyecto.<\/p>\n<p>El proyecto \u201cClaus\u201d tambi\u00e9n se inici\u00f3 durante el mes de marzo de 2019 y finalizar\u00e1 en marzo de 2020; ofrece al alumnado participante la posibilidad de obtener dos certificados de profesionalidad: Operaciones auxiliares de servicios administrativos y generales; y Operaciones de grabaci\u00f3n y tratamiento de datos y documentos. A parte, tambi\u00e9n reciben formaci\u00f3n complementaria en lengua catalana.<\/p>\n<p>El proyecto \u201cClaus\u201d, dirigido a personas j\u00f3venes menores de 29 a\u00f1os, corresponde al programa<strong> SOIB JOVE OCUPACI\u00d3 I FORMACI\u00d3<\/strong>, financiado por el SOIB, con la participaci\u00f3n del SEPE y la cofinanciaci\u00f3n del Fondo Social Europeo (FSE).<\/p>\n<p>[\/et_pb_text][\/et_pb_column][\/et_pb_row][\/et_pb_section]<\/p>\n","protected":false},"excerpt":{"rendered":"<p><div class=\"et_pb_row et_pb_row_0 et_pb_row_empty\">\n\t\t\t\t\n\t\t\t\t\n\t\t\t\t\n\t\t\t\t\n\t\t\t\t\n\t\t\t<\/div><div class=\"et_pb_module et_pb_text et_pb_text_0  et_pb_text_align_left et_pb_bg_layout_light\">\n\t\t\t\t\n\t\t\t\t\n\t\t\t\t\n\t\t\t\t\n\t\t\t\t\n\t\t\t<\/div> Los participantes en los proyectos SOIB Jove y SOIB 30 Formaci\u00f3n y Ocupaci\u00f3n \u201cClaus\u201d &#8211; de informadores tur\u00edsticos &#8211; y \u201cBristol 170-II\u201d &#8211; de auxiliares de servicios -, del Ajuntament de Ma\u00f3, han recibido la visita de la directora insular del SOIB, M\u00edriam Cuerva, y de representantes del Ajuntament: el alcalde, H\u00e9ctor Pons; el [&hellip;]<\/p>\n","protected":false},"author":13,"featured_media":14026,"comment_status":"closed","ping_status":"closed","sticky":false,"template":"","format":"standard","meta":{"_et_pb_use_builder":"on","_et_pb_old_content":"Els participants en els projectes <strong>SOIB Jove<\/strong> i <strong>SOIB 30 Formaci\u00f3 i Ocupaci\u00f3<\/strong> <strong>\u201cClaus\u201d<\/strong> - d'informadors tur\u00edstics - i <strong>\u201cBristol 170-II\u201d<\/strong> - d'auxiliars de serveis -, de l'<strong>Ajuntament de Ma\u00f3<\/strong>, han rebut la visita de la directora insular del SOIB, M\u00edriam Cuerva, i de representants de l'Ajuntament: l'alcalde, H\u00e9ctor Pons; el tinent d\u2019Alcaldia d\u2019Esports, Formaci\u00f3 i Ocupaci\u00f3, Carlos Montes; la tinenta d\u2019Alcaldia de Serveis Generals i Hisenda, Maria Jos\u00e9 Camps i la regidora de Microciutat, Economia, Comer\u00e7 i Turisme, Carme Segu\u00ed\r\n\r\nLa visita ha consistit en un recorregut pels diferents punts d\u2019informaci\u00f3 tur\u00edstica, ubicats al Claustre del Carme, Ca n\u2019Oliver, Teatre Principal, pla\u00e7a Esplanada i estaci\u00f3 d\u2019autobusos, respectivament. L\u2019itinerari ha finalitzant a l\u2019aula de formaci\u00f3 del Centre de Formaci\u00f3 Ocupacional Casa de ses Aig\u00fces.\r\n\r\nEls punts d\u2019informaci\u00f3 tur\u00edstica s\u00f3n atesos, durant la part de jornada laboral, per deu alumnes treballadors, contractats com a personal d\u2019informaci\u00f3 tur\u00edstica del projecte mixt d\u2019ocupaci\u00f3 i formaci\u00f3 en promoci\u00f3 tur\u00edstica local i informaci\u00f3 al visitant \u201cBristol 170-II\u201d, que incorpora la direcci\u00f3, doc\u00e8ncia i suport administratiu necessaris per a la seva execuci\u00f3.\r\n\r\nEl projecte\u00a0\u201cBristol 170-II\u201d es va iniciar durant el mes de mar\u00e7 de 2019, a trav\u00e9s de la iniciativa emmarcada en el programa <strong>SOIB 30 FORMACI\u00d3 I OCUPACI\u00d3<\/strong> i finan\u00e7ada amb fons del SOIB, mitjan\u00e7ant Confer\u00e8ncia Sectorial, dirigit a persones de m\u00e9s de 30 anys en situaci\u00f3 d\u2019atur.\r\n\r\nD\u2019altra banda, en el Centre de Formaci\u00f3 Ocupacional Casa de ses Aig\u00fces van visitar, a la mateixa aula, els deu auxiliars de serveis del projecte \u201cClaus\u201d. L\u2019alumnat treballador de \u201cClaus\u201d realitza la part laboral de la seva jornada a les diferents depend\u00e8ncies municipals, supervisats per tutors\/ores designats pr\u00e8viament; tamb\u00e9 compten amb un director, dos docents i un suport administratiu, encarregats de l\u2019execuci\u00f3 del projecte.\r\n\r\nEl projecte \u201cClaus\u201d tamb\u00e9 es va iniciar durant el mes de mar\u00e7 de 2019 i finalitzar\u00e0 el mar\u00e7 de 2020; ofereix a l\u2019alumnat que hi participa la possibilitat d\u2019obtenir dos certificats de professionalitat: Operacions auxiliars de serveis administratius i generals; i Operacions de gravaci\u00f3 i tractament de dades i documents. A part, tamb\u00e9 reben formaci\u00f3 complement\u00e0ria en llengua catalana.\r\n\r\nEl projecte \u201cClaus\u201d, dirigit a persones joves menors de 29 anys, correspon al programa<strong> SOIB JOVE OCUPACI\u00d3 I FORMACI\u00d3<\/strong>, finan\u00e7at pel SOIB, amb la participaci\u00f3 del SEPE i el cofinan\u00e7ament del Fons Social Europeu (FSE).","_et_gb_content_width":"","footnotes":"","_links_to":"","_links_to_target":""},"categories":[188,191],"tags":[],"class_list":["post-14028","post","type-post","status-publish","format-standard","has-post-thumbnail","hentry","category-noticias","category-noticies-es"],"publishpress_future_action":{"enabled":false,"date":"2026-05-09 07:45:25","action":"change-status","newStatus":"draft","terms":[],"taxonomy":"category","extraData":[]},"publishpress_future_workflow_manual_trigger":{"enabledWorkflows":[]},"_links":{"self":[{"href":"https:\/\/soib.es\/es\/wp-json\/wp\/v2\/posts\/14028","targetHints":{"allow":["GET"]}}],"collection":[{"href":"https:\/\/soib.es\/es\/wp-json\/wp\/v2\/posts"}],"about":[{"href":"https:\/\/soib.es\/es\/wp-json\/wp\/v2\/types\/post"}],"author":[{"embeddable":true,"href":"https:\/\/soib.es\/es\/wp-json\/wp\/v2\/users\/13"}],"replies":[{"embeddable":true,"href":"https:\/\/soib.es\/es\/wp-json\/wp\/v2\/comments?post=14028"}],"version-history":[{"count":0,"href":"https:\/\/soib.es\/es\/wp-json\/wp\/v2\/posts\/14028\/revisions"}],"wp:featuredmedia":[{"embeddable":true,"href":"https:\/\/soib.es\/es\/wp-json\/wp\/v2\/media\/14026"}],"wp:attachment":[{"href":"https:\/\/soib.es\/es\/wp-json\/wp\/v2\/media?parent=14028"}],"wp:term":[{"taxonomy":"category","embeddable":true,"href":"https:\/\/soib.es\/es\/wp-json\/wp\/v2\/categories?post=14028"},{"taxonomy":"post_tag","embeddable":true,"href":"https:\/\/soib.es\/es\/wp-json\/wp\/v2\/tags?post=14028"}],"curies":[{"name":"wp","href":"https:\/\/api.w.org\/{rel}","templated":true}]}}