{"id":13550,"date":"2019-07-12T15:48:15","date_gmt":"2019-07-12T13:48:15","guid":{"rendered":"https:\/\/soib.es\/?p=13550"},"modified":"2019-08-05T10:50:40","modified_gmt":"2019-08-05T08:50:40","slug":"acaba-soib-visibles-2018-que-ha-permitido-a-palmaactiva-contratar-a-73-personas","status":"publish","type":"post","link":"https:\/\/soib.es\/es\/acaba-soib-visibles-2018-que-ha-permitido-a-palmaactiva-contratar-a-73-personas\/","title":{"rendered":"Acaba SOIB VISIBLES 2018 que ha permitido a PalmaActiva contratar a 73  personas"},"content":{"rendered":"<p>El alcalde de Palma, Jos\u00e9 Hila, el director general de Modelo Econ\u00f3mico y Ocupaci\u00f3n, Lloren\u00e7 Pou, y el regidor de regidor de Promoci\u00f3n Economica y Ocupaci\u00f3n, Rodrigo A. Romero, han participado en el acto de clausura del programa SOIB Visibles 2018 que ha permitido contratar, a trav\u00e9s de PalmaActiva, a 73 personas en dos periodos de 6 meses. Hoy ha finalizado la segunda fase del programa que ha ocupado 32 trabajadores.<\/p>\n<p>SOIB Visibles 2018 quiere mejorar la empleabilidad de las personas trabajadoras de m\u00e1s edad, prioritariamente mayores de 45 a\u00f1os, parados de larga duraci\u00f3n y preferentemente sin prestaciones o subsidio de paro y est\u00e1 financiado con fondos del Ministerio de Trabajo, Migraciones y Seguridad Social. El presupuesto total ha estado de 853.207,40 euros, de los cuales 740.621,88\u00a0euros son a cargo del SOIB y 112.585,52 euros a cargo de PalmaActiva.<\/p>\n<p>El programa se ha desarrollado en dos fases. La primera, entre el 13 de julio de 2018 y el 12 de enero de 2019 y ha supuesto la contrataci\u00f3n de 41 personas. En \u00a0la segunda fase, se han contratado 32 personas que han trabajado en el Ayuntamiento entre el 14 de enero y el 12 de julio de 2019. De este total 48 son hombres y 25, mujeres.<\/p>\n<p>Las 73 personas contratadas han trabajado de pe\u00f3n de mantenimiento (24), auxiliar de informaci\u00f3n (14), auxiliar administrativo (10), pe\u00f3n de jardiner\u00eda (8), pe\u00f3n de pintura (7); oficial de mantenimiento (3), oficial pintor (3), oficial de jardiner\u00eda (2) y administrativo (2).<\/p>\n<p>Limpiar el espacio exterior e interior del Castillo de Bellver, realizar trabajos de pintura y alba\u00f1il en \u00a0campos de f\u00fatbol, pistas deportivas y pabellones del IME; \u00a0pintura para delimitar terrazas en la v\u00eda p\u00fablica; tareas de mantenimiento en diferentes instalaciones de la Polic\u00eda Local y PalmaActiva; trabajar en la mejora de Son Reus; ayudar en el mantenimiento de los espacios verdes del Parc de la Mar y Son Quint; campa\u00f1as de informaci\u00f3n de ordenanzas municipales; digitalizaci\u00f3n de expedientes y archivos, etc. son algunas de las tareas que han llevado a cabo.<\/p>\n<p>Adem\u00e1s de Visibles, PalmaActiva actualmente tiene en marcha tres programas de ocupaci\u00f3n en colaboraci\u00f3n con el SOIB que suponen un total de 70 personas beneficiarias: 26 personas de SOIB Joven \u00a0Cualificados, 7 de SOIB Formaci\u00f3n Dual y 37 de los programas SOIB JOVE Y SOIB 30 Formaci\u00f3n y Ocupaci\u00f3n.<\/p>\n<p>&nbsp;<\/p>\n","protected":false},"excerpt":{"rendered":"<p>El alcalde de Palma, Jos\u00e9 Hila, el director general de Modelo Econ\u00f3mico y Ocupaci\u00f3n, Lloren\u00e7 Pou, y el regidor de regidor de Promoci\u00f3n Economica y Ocupaci\u00f3n, Rodrigo A. Romero, han participado en el acto de clausura del programa SOIB Visibles 2018 que ha permitido contratar, a trav\u00e9s de PalmaActiva, a 73 personas en dos periodos [&hellip;]<\/p>\n","protected":false},"author":41,"featured_media":13545,"comment_status":"closed","ping_status":"closed","sticky":false,"template":"","format":"standard","meta":{"_et_pb_use_builder":"","_et_pb_old_content":"","_et_gb_content_width":"","footnotes":"","_links_to":"","_links_to_target":""},"categories":[188],"tags":[],"class_list":["post-13550","post","type-post","status-publish","format-standard","has-post-thumbnail","hentry","category-noticias"],"publishpress_future_action":{"enabled":false,"date":"2026-05-04 13:29:15","action":"change-status","newStatus":"draft","terms":[],"taxonomy":"category","extraData":[]},"publishpress_future_workflow_manual_trigger":{"enabledWorkflows":[]},"_links":{"self":[{"href":"https:\/\/soib.es\/es\/wp-json\/wp\/v2\/posts\/13550","targetHints":{"allow":["GET"]}}],"collection":[{"href":"https:\/\/soib.es\/es\/wp-json\/wp\/v2\/posts"}],"about":[{"href":"https:\/\/soib.es\/es\/wp-json\/wp\/v2\/types\/post"}],"author":[{"embeddable":true,"href":"https:\/\/soib.es\/es\/wp-json\/wp\/v2\/users\/41"}],"replies":[{"embeddable":true,"href":"https:\/\/soib.es\/es\/wp-json\/wp\/v2\/comments?post=13550"}],"version-history":[{"count":0,"href":"https:\/\/soib.es\/es\/wp-json\/wp\/v2\/posts\/13550\/revisions"}],"wp:featuredmedia":[{"embeddable":true,"href":"https:\/\/soib.es\/es\/wp-json\/wp\/v2\/media\/13545"}],"wp:attachment":[{"href":"https:\/\/soib.es\/es\/wp-json\/wp\/v2\/media?parent=13550"}],"wp:term":[{"taxonomy":"category","embeddable":true,"href":"https:\/\/soib.es\/es\/wp-json\/wp\/v2\/categories?post=13550"},{"taxonomy":"post_tag","embeddable":true,"href":"https:\/\/soib.es\/es\/wp-json\/wp\/v2\/tags?post=13550"}],"curies":[{"name":"wp","href":"https:\/\/api.w.org\/{rel}","templated":true}]}}